{"id":27250,"date":"2012-11-28T08:20:18","date_gmt":"2012-11-28T08:20:18","guid":{"rendered":"https:\/\/obscom.intervozes.org.br\/wordpress\/?p=27250"},"modified":"2012-11-28T08:20:18","modified_gmt":"2012-11-28T08:20:18","slug":"conselho-de-comunicacao-baiano-realiza-quarta-reuniao","status":"publish","type":"post","link":"https:\/\/obscom.intervozes.org.br\/?p=27250","title":{"rendered":"Conselho de Comunica\u00e7\u00e3o baiano realiza quarta reuni\u00e3o"},"content":{"rendered":"<p><span class=\"padrao\"><strong>Reda&ccedil;&atilde;o &#8211; Observat&oacute;rio do Direito &agrave; Comunica&ccedil;&atilde;o<\/strong><\/p>\n<p>O Conselho Estadual de Comunica&ccedil;&atilde;o Social da Bahia se re&uacute;ne no dia 28 de novembro, a partir das 9h, na sede da Secretaria de Comunica&ccedil;&atilde;o Social (Secom), para a realiza&ccedil;&atilde;o da sua quarta reuni&atilde;o. Entre as pautas est&atilde;o o or&ccedil;amento para a&ccedil;&otilde;es em 2013, a classifica&ccedil;&atilde;o indicativa e a metodologia de funcionamento do conselho. <\/span><\/p>\n","protected":false},"excerpt":{"rendered":"<p>Reda&ccedil;&atilde;o &#8211; Observat&oacute;rio do Direito &agrave; Comunica&ccedil;&atilde;o O Conselho Estadual de Comunica&ccedil;&atilde;o Social da Bahia se re&uacute;ne no dia 28 de novembro, a partir das 9h, na sede da Secretaria de Comunica&ccedil;&atilde;o Social (Secom), para a realiza&ccedil;&atilde;o da sua quarta reuni&atilde;o. Entre as pautas est&atilde;o o or&ccedil;amento para a&ccedil;&otilde;es em 2013, a classifica&ccedil;&atilde;o indicativa e &hellip; <a href=\"https:\/\/obscom.intervozes.org.br\/?p=27250\" class=\"more-link\">Continue lendo <span class=\"screen-reader-text\">Conselho de Comunica\u00e7\u00e3o baiano realiza quarta reuni\u00e3o<\/span> <span class=\"meta-nav\">&rarr;<\/span><\/a><\/p>\n","protected":false},"author":1,"featured_media":0,"comment_status":"open","ping_status":"open","sticky":false,"template":"","format":"standard","meta":{"footnotes":""},"categories":[39],"tags":[],"_links":{"self":[{"href":"https:\/\/obscom.intervozes.org.br\/index.php?rest_route=\/wp\/v2\/posts\/27250"}],"collection":[{"href":"https:\/\/obscom.intervozes.org.br\/index.php?rest_route=\/wp\/v2\/posts"}],"about":[{"href":"https:\/\/obscom.intervozes.org.br\/index.php?rest_route=\/wp\/v2\/types\/post"}],"author":[{"embeddable":true,"href":"https:\/\/obscom.intervozes.org.br\/index.php?rest_route=\/wp\/v2\/users\/1"}],"replies":[{"embeddable":true,"href":"https:\/\/obscom.intervozes.org.br\/index.php?rest_route=%2Fwp%2Fv2%2Fcomments&post=27250"}],"version-history":[{"count":0,"href":"https:\/\/obscom.intervozes.org.br\/index.php?rest_route=\/wp\/v2\/posts\/27250\/revisions"}],"wp:attachment":[{"href":"https:\/\/obscom.intervozes.org.br\/index.php?rest_route=%2Fwp%2Fv2%2Fmedia&parent=27250"}],"wp:term":[{"taxonomy":"category","embeddable":true,"href":"https:\/\/obscom.intervozes.org.br\/index.php?rest_route=%2Fwp%2Fv2%2Fcategories&post=27250"},{"taxonomy":"post_tag","embeddable":true,"href":"https:\/\/obscom.intervozes.org.br\/index.php?rest_route=%2Fwp%2Fv2%2Ftags&post=27250"}],"curies":[{"name":"wp","href":"https:\/\/api.w.org\/{rel}","templated":true}]}}