{"id":27247,"date":"2012-11-26T14:38:57","date_gmt":"2012-11-26T14:38:57","guid":{"rendered":"https:\/\/obscom.intervozes.org.br\/wordpress\/?p=27247"},"modified":"2012-11-26T14:38:57","modified_gmt":"2012-11-26T14:38:57","slug":"sociedade-civil-propoe-criacao-de-rede-de-comunicacao-autonoma-e-popular","status":"publish","type":"post","link":"https:\/\/obscom.intervozes.org.br\/?p=27247","title":{"rendered":"Sociedade civil prop\u00f5e cria\u00e7\u00e3o de rede de comunica\u00e7\u00e3o aut\u00f4noma e popular"},"content":{"rendered":"<p><span class=\"padrao\"><strong>Reda&ccedil;&atilde;o &#8211; Observat&oacute;rio do Direito &agrave; Comunica&ccedil;&atilde;o<\/strong><\/p>\n<p>Entidades da sociedade civil se re&uacute;nem no pr&oacute;ximo dia 28 de novembro (quarta), &agrave;s 18h, para discutir a necessidade de (re)organiza&ccedil;&atilde;o de uma rede de comunica&ccedil;&atilde;o popular e aut&ocirc;noma na cidade do Recife. Denominado &quot;Re-comunica&ccedil;&atilde;o&quot;, o evento acontece no Centro Cultural Feminista do SOS Corpo, na Rua Real da Torre, 593, no Bairro Madalena, Recife- PE. <\/p>\n<p>A reuni&atilde;o conta com a participa&ccedil;&atilde;o do Laborat&oacute;rio de M&iacute;dias Aut&ocirc;nomas, do Canal Limpeza, do SOS Corpo, do Revocultura, dos cineastas Silvio Tendler e Vladimir Seixas, da R&aacute;dio Mulher, do Coletivo Megafonne e das Blogueiras Feministas.<\/p>\n<p>Mais informa&ccedil;&otilde;es:<br \/>Tel: (81) 3445-1905<br \/><a href=\"http:\/\/www.soscorpo.org.br\/home\/entry\/re-comunicacao-recife.html\">http:\/\/www.soscorpo.org.br\/home\/entry\/re-comunicacao-recife.html<\/a> <\/span><\/p>\n","protected":false},"excerpt":{"rendered":"<p>Reda&ccedil;&atilde;o &#8211; Observat&oacute;rio do Direito &agrave; Comunica&ccedil;&atilde;o Entidades da sociedade civil se re&uacute;nem no pr&oacute;ximo dia 28 de novembro (quarta), &agrave;s 18h, para discutir a necessidade de (re)organiza&ccedil;&atilde;o de uma rede de comunica&ccedil;&atilde;o popular e aut&ocirc;noma na cidade do Recife. Denominado &quot;Re-comunica&ccedil;&atilde;o&quot;, o evento acontece no Centro Cultural Feminista do SOS Corpo, na Rua Real &hellip; <a href=\"https:\/\/obscom.intervozes.org.br\/?p=27247\" class=\"more-link\">Continue lendo <span class=\"screen-reader-text\">Sociedade civil prop\u00f5e cria\u00e7\u00e3o de rede de comunica\u00e7\u00e3o aut\u00f4noma e popular<\/span> <span class=\"meta-nav\">&rarr;<\/span><\/a><\/p>\n","protected":false},"author":1,"featured_media":0,"comment_status":"open","ping_status":"open","sticky":false,"template":"","format":"standard","meta":{"footnotes":""},"categories":[39],"tags":[],"_links":{"self":[{"href":"https:\/\/obscom.intervozes.org.br\/index.php?rest_route=\/wp\/v2\/posts\/27247"}],"collection":[{"href":"https:\/\/obscom.intervozes.org.br\/index.php?rest_route=\/wp\/v2\/posts"}],"about":[{"href":"https:\/\/obscom.intervozes.org.br\/index.php?rest_route=\/wp\/v2\/types\/post"}],"author":[{"embeddable":true,"href":"https:\/\/obscom.intervozes.org.br\/index.php?rest_route=\/wp\/v2\/users\/1"}],"replies":[{"embeddable":true,"href":"https:\/\/obscom.intervozes.org.br\/index.php?rest_route=%2Fwp%2Fv2%2Fcomments&post=27247"}],"version-history":[{"count":0,"href":"https:\/\/obscom.intervozes.org.br\/index.php?rest_route=\/wp\/v2\/posts\/27247\/revisions"}],"wp:attachment":[{"href":"https:\/\/obscom.intervozes.org.br\/index.php?rest_route=%2Fwp%2Fv2%2Fmedia&parent=27247"}],"wp:term":[{"taxonomy":"category","embeddable":true,"href":"https:\/\/obscom.intervozes.org.br\/index.php?rest_route=%2Fwp%2Fv2%2Fcategories&post=27247"},{"taxonomy":"post_tag","embeddable":true,"href":"https:\/\/obscom.intervozes.org.br\/index.php?rest_route=%2Fwp%2Fv2%2Ftags&post=27247"}],"curies":[{"name":"wp","href":"https:\/\/api.w.org\/{rel}","templated":true}]}}