{"id":27246,"date":"2012-11-26T14:15:20","date_gmt":"2012-11-26T14:15:20","guid":{"rendered":"https:\/\/obscom.intervozes.org.br\/wordpress\/?p=27246"},"modified":"2012-11-26T14:15:20","modified_gmt":"2012-11-26T14:15:20","slug":"camara-promove-audiencia-publica-sobre-horario-obrigatorio-na-radiodifusao","status":"publish","type":"post","link":"https:\/\/obscom.intervozes.org.br\/?p=27246","title":{"rendered":"C\u00e2mara promove audi\u00eancia p\u00fablica sobre hor\u00e1rio obrigat\u00f3rio na radiodifus\u00e3o"},"content":{"rendered":"<p><span class=\"padrao\"><strong>Reda&ccedil;&atilde;o &#8211; Observat&oacute;rio do Direito &agrave; Comunica&ccedil;&atilde;o<\/strong><\/p>\n<p>A Comiss&atilde;o de Ci&ecirc;ncia e Tecnologia, Comunica&ccedil;&atilde;o e Inform&aacute;tica da C&acirc;mara dos Deputados realiza no dia 27, &agrave;s 14h30, no Plen&aacute;rio 13, uma audi&ecirc;ncia p&uacute;blica para discutir a reserva de hor&aacute;rio para transmiss&atilde;o de mensagens obrigat&oacute;rias pelas emissoras de radiodifus&atilde;o. <\/p>\n<p>Entre os convidados do envento se encontram Jos&eacute; Fl&aacute;vio Bianchi (Minist&eacute;rio das Comunica&ccedil;&otilde;es), Daniel Pimentel Slaviero (Associa&ccedil;&atilde;o Brasileira de R&aacute;dio e Televis&atilde;o &#8211; Abert), Gustavo BinenBojn (Universidade do Estado do Rio de Janeiro &#8211; UERJ), Rosane Bertotti (F&oacute;rum Nacional pela Democratiza&ccedil;&atilde;o da Comunica&ccedil;&atilde;o &#8211; FNDC) e Nelson Jobim (advogado).<\/span><\/p>\n","protected":false},"excerpt":{"rendered":"<p>Reda&ccedil;&atilde;o &#8211; Observat&oacute;rio do Direito &agrave; Comunica&ccedil;&atilde;o A Comiss&atilde;o de Ci&ecirc;ncia e Tecnologia, Comunica&ccedil;&atilde;o e Inform&aacute;tica da C&acirc;mara dos Deputados realiza no dia 27, &agrave;s 14h30, no Plen&aacute;rio 13, uma audi&ecirc;ncia p&uacute;blica para discutir a reserva de hor&aacute;rio para transmiss&atilde;o de mensagens obrigat&oacute;rias pelas emissoras de radiodifus&atilde;o. Entre os convidados do envento se encontram Jos&eacute; &hellip; <a href=\"https:\/\/obscom.intervozes.org.br\/?p=27246\" class=\"more-link\">Continue lendo <span class=\"screen-reader-text\">C\u00e2mara promove audi\u00eancia p\u00fablica sobre hor\u00e1rio obrigat\u00f3rio na radiodifus\u00e3o<\/span> <span class=\"meta-nav\">&rarr;<\/span><\/a><\/p>\n","protected":false},"author":1,"featured_media":0,"comment_status":"open","ping_status":"open","sticky":false,"template":"","format":"standard","meta":{"footnotes":""},"categories":[39],"tags":[],"_links":{"self":[{"href":"https:\/\/obscom.intervozes.org.br\/index.php?rest_route=\/wp\/v2\/posts\/27246"}],"collection":[{"href":"https:\/\/obscom.intervozes.org.br\/index.php?rest_route=\/wp\/v2\/posts"}],"about":[{"href":"https:\/\/obscom.intervozes.org.br\/index.php?rest_route=\/wp\/v2\/types\/post"}],"author":[{"embeddable":true,"href":"https:\/\/obscom.intervozes.org.br\/index.php?rest_route=\/wp\/v2\/users\/1"}],"replies":[{"embeddable":true,"href":"https:\/\/obscom.intervozes.org.br\/index.php?rest_route=%2Fwp%2Fv2%2Fcomments&post=27246"}],"version-history":[{"count":0,"href":"https:\/\/obscom.intervozes.org.br\/index.php?rest_route=\/wp\/v2\/posts\/27246\/revisions"}],"wp:attachment":[{"href":"https:\/\/obscom.intervozes.org.br\/index.php?rest_route=%2Fwp%2Fv2%2Fmedia&parent=27246"}],"wp:term":[{"taxonomy":"category","embeddable":true,"href":"https:\/\/obscom.intervozes.org.br\/index.php?rest_route=%2Fwp%2Fv2%2Fcategories&post=27246"},{"taxonomy":"post_tag","embeddable":true,"href":"https:\/\/obscom.intervozes.org.br\/index.php?rest_route=%2Fwp%2Fv2%2Ftags&post=27246"}],"curies":[{"name":"wp","href":"https:\/\/api.w.org\/{rel}","templated":true}]}}