{"id":27243,"date":"2012-11-23T18:23:05","date_gmt":"2012-11-23T18:23:05","guid":{"rendered":"https:\/\/obscom.intervozes.org.br\/wordpress\/?p=27243"},"modified":"2012-11-23T18:23:05","modified_gmt":"2012-11-23T18:23:05","slug":"ministerio-publico-federal-cobra-fiscalizacao-de-radios-em-sao-paulo","status":"publish","type":"post","link":"https:\/\/obscom.intervozes.org.br\/?p=27243","title":{"rendered":"Minist\u00e9rio P\u00fablico Federal cobra fiscaliza\u00e7\u00e3o de r\u00e1dios em S\u00e3o Paulo"},"content":{"rendered":"<p>O Minist&eacute;rio P&uacute;blico Federal (MPF) de S&atilde;o Paulo encaminhou na &uacute;ltima quinta (22\/11) uma recomenda&ccedil;&atilde;o ao Minist&eacute;rio das Comunica&ccedil;&otilde;es e &agrave; Ag&ecirc;ncia Nacional de Telecomunica&ccedil;&otilde;es (Anatel) em que cobra a verifica&ccedil;&atilde;o de irregularidades no funcionamento de r&aacute;dios comerciais e educativas no munic&iacute;pio de S&atilde;o Paulo. Os &oacute;rg&atilde;os p&uacute;blicos referidos t&ecirc;m at&eacute; dez dias &uacute;teis para se pronunciar oficialmente informando sobre a sua disposi&ccedil;&atilde;o para o cumprimento do requerido.<\/p>\n<p>O Minist&eacute;rio P&uacute;blico organiza desde agosto o F&oacute;rum Interinstitucional pelo Direito &agrave; Comunica&ccedil;&atilde;o (Findac), articulando procuradores federais, entidades da sociedade civil e institutos de pesquisa. O Findac apurou que de 39 emissoras FM com est&uacute;dios principais em opera&ccedil;&atilde;o em S&atilde;o Paulo ao menos 16 teriam licen&ccedil;a de funcionamento apenas para outros munic&iacute;pios do estado. O documento de recomenda&ccedil;&atilde;o informa tamb&eacute;m que o grupo CBS, de propriedade de Paulo Masci de Abreu, teria duas outorgas para o mesmo servi&ccedil;o de radiodifus&atilde;o, o que n&atilde;o seria permitido por lei. O &oacute;rg&atilde;o de justi&ccedil;a cobra ainda que se verifique se as antenas que transmitem o sinal estariam localizadas nas cidades em que t&ecirc;m autoriza&ccedil;&atilde;o para funcionar.<\/p>\n<p>O MPF recomenda que o MiniCom e a Anatel realizem em 180 dias um Plano de A&ccedil;&atilde;o para verificar a situa&ccedil;&atilde;o das seguintes r&aacute;dios: Sulam&eacute;rica Tr&acirc;nsito, Vida FM, S&ecirc; tu uma ben&ccedil;&atilde;o, Scalla FM, Tupi FM, 89 FM, Bandeirantes, Nativa, Terra FM, Energia 97, Rede Aleluia de R&aacute;dio, Alpha 105 FM, 106 LOVE FM, R&aacute;dio Mix, Express&atilde;o FM e Tropical.<\/p>\n<p>Um inqu&eacute;rito do MPF identificou poss&iacute;vel duplicidade de outorga, em rela&ccedil;&atilde;o ao grupo CBS (r&aacute;dios Kiss, Mundial, Tupi, Scalla e Terra), de propriedade de Paulo Masci Abreu, o que &eacute; vedado pelo decreto 52.795\/63. Nota T&eacute;cnica da Secretaria de Servi&ccedil;os de Comunica&ccedil;&atilde;o Eletr&ocirc;nica do Minist&eacute;rio das Comunica&ccedil;&otilde;es reconheceu o descumprimento do lei. A recomenda&ccedil;&atilde;o cobra que se apure tamb&eacute;m a possibilidade de que outras empresas estejam em igual situa&ccedil;&atilde;o.<\/p>\n<p>Segundo Pedro Ekman, membro do Coletivo Intervozes, &ldquo;empresas de r&aacute;dio levam suas transmiss&otilde;es para a capital paulista sem a devida autoriza&ccedil;&atilde;o de olho no mercado publicit&aacute;rio mais robusto da cidade de S&atilde;o Paulo&rdquo;. Como conseq&uuml;&ecirc;ncia de tal conduta algumas cidades do interior &ldquo;ficariam com espa&ccedil;o ocioso no espectro radioel&eacute;trico enquanto haveria uma demanda de v&aacute;rios outros interessados para utilizar tal faixa de freq&uuml;&ecirc;ncia&rdquo;, defende. Conforme o documento do MPF, a capital paulista teria o espa&ccedil;o reservado para transmiss&otilde;es de radiodifus&atilde;o &ldquo;congestionado&rdquo;, n&atilde;o cabendo nenhuma nova emissora.<\/p>\n<p>Para a procuradora da Rep&uacute;blica In&ecirc;s Virg&iacute;nia Prado Soares, o objetivo da recomenda&ccedil;&atilde;o do MPF, al&eacute;m de &ldquo;determinar que os &oacute;rg&atilde;os competentes deveriam cumprir o trabalho ao qual n&atilde;o t&ecirc;m dado a devida prioridade&rdquo;, consiste em buscar a &ldquo;amplia&ccedil;&atilde;o da diversidade e proporcionar maior acesso a outras r&aacute;dios&rdquo;. Caso n&atilde;o seja cumprida a recomenda&ccedil;&atilde;o, que tem car&aacute;ter formal mas extra-judicial, &ldquo;o MPF pode adotar medidas judiciais cab&iacute;veis&rdquo;, declara.<\/p>\n<p>O Observat&oacute;rio do Direito &agrave; Comunica&ccedil;&atilde;o, ap&oacute;s entrar em contato, recebeu por email uma declara&ccedil;&atilde;o da assessoria de imprensa do Minist&eacute;rio das Comunica&ccedil;&otilde;es informando que o &oacute;rg&atilde;o &ldquo;vai analisar as recomenda&ccedil;&otilde;es do Minist&eacute;rio P&uacute;blico e tomar&aacute; as provid&ecirc;ncias cab&iacute;veis&rdquo;.<\/p>\n<p><strong>Articula&ccedil;&atilde;o<\/strong><\/p>\n<p>O Findac tem reunido documentos sobre o tema das concess&otilde;es de r&aacute;dio e televis&atilde;o em S&atilde;o Paulo e promovido o debate entre atores sociais e estatais acerca de assuntos que envolvem o direito &agrave; comunica&ccedil;&atilde;o. O f&oacute;rum &eacute; um espa&ccedil;o permanente de di&aacute;logo que articula o MPF-SP com entidades como o Coletivo Intervozes, a Artigo 19 e o N&uacute;cleo de Estudos da Viol&ecirc;ncia da USP.<\/p>\n","protected":false},"excerpt":{"rendered":"<p>Documento do MPF recomenda que Minist&eacute;rio das Comunica&ccedil;&otilde;es e  Anatel verifiquem a possibilidade de emissoras estarem funcionando fora  da &aacute;rea autorizada e de concession&aacute;rios com n&uacute;mero excedentes de r&aacute;dios<\/p>\n","protected":false},"author":1,"featured_media":0,"comment_status":"open","ping_status":"open","sticky":false,"template":"","format":"standard","meta":{"footnotes":""},"categories":[40],"tags":[1728],"_links":{"self":[{"href":"https:\/\/obscom.intervozes.org.br\/index.php?rest_route=\/wp\/v2\/posts\/27243"}],"collection":[{"href":"https:\/\/obscom.intervozes.org.br\/index.php?rest_route=\/wp\/v2\/posts"}],"about":[{"href":"https:\/\/obscom.intervozes.org.br\/index.php?rest_route=\/wp\/v2\/types\/post"}],"author":[{"embeddable":true,"href":"https:\/\/obscom.intervozes.org.br\/index.php?rest_route=\/wp\/v2\/users\/1"}],"replies":[{"embeddable":true,"href":"https:\/\/obscom.intervozes.org.br\/index.php?rest_route=%2Fwp%2Fv2%2Fcomments&post=27243"}],"version-history":[{"count":0,"href":"https:\/\/obscom.intervozes.org.br\/index.php?rest_route=\/wp\/v2\/posts\/27243\/revisions"}],"wp:attachment":[{"href":"https:\/\/obscom.intervozes.org.br\/index.php?rest_route=%2Fwp%2Fv2%2Fmedia&parent=27243"}],"wp:term":[{"taxonomy":"category","embeddable":true,"href":"https:\/\/obscom.intervozes.org.br\/index.php?rest_route=%2Fwp%2Fv2%2Fcategories&post=27243"},{"taxonomy":"post_tag","embeddable":true,"href":"https:\/\/obscom.intervozes.org.br\/index.php?rest_route=%2Fwp%2Fv2%2Ftags&post=27243"}],"curies":[{"name":"wp","href":"https:\/\/api.w.org\/{rel}","templated":true}]}}