{"id":27242,"date":"2012-11-22T18:22:52","date_gmt":"2012-11-22T18:22:52","guid":{"rendered":"https:\/\/obscom.intervozes.org.br\/wordpress\/?p=27242"},"modified":"2012-11-22T18:22:52","modified_gmt":"2012-11-22T18:22:52","slug":"deputados-aprovam-descriminalizacao-das-radios-comunitarias","status":"publish","type":"post","link":"https:\/\/obscom.intervozes.org.br\/?p=27242","title":{"rendered":"Deputados aprovam descriminaliza\u00e7\u00e3o das r\u00e1dios comunit\u00e1rias"},"content":{"rendered":"<p>Foi aprovada pelo plen&aacute;rio da C&acirc;mara dos Deputados, nesse dia 20 (ter&ccedil;a), a Medida Provis&oacute;ria n. 575\/12, que  prop&otilde;e, entre seus artigos, a descriminaliza&ccedil;&atilde;o das r&aacute;dios comunit&aacute;rias com pot&ecirc;ncia menor do que 100 kW. Aquelas que excederem esse patamar e n&atilde;o possu&iacute;rem autoriza&ccedil;&atilde;o passam a estar sujeitas a puni&ccedil;&atilde;o que varia entre 6 meses (e n&atilde;o mais um ano) e dois anos de pris&atilde;o. A proposta tem causado controv&eacute;rsias e aguarda aprova&ccedil;&atilde;o do Senado.<\/p>\n<p>Para Jos&eacute; Soter, da Associa&ccedil;&atilde;o Brasileira de Radiodifus&atilde;o Comunit&aacute;ria (Abra&ccedil;o), a mudan&ccedil;a prevista &eacute; positiva, pois &ldquo;na situa&ccedil;&atilde;o atual contempla a maioria das emissoras comunit&aacute;rias&rdquo; e &ldquo;pode inclusive facilitar a tramita&ccedil;&atilde;o de processos em andamento na justi&ccedil;a das r&aacute;dios de baixa pot&ecirc;ncia que correm nos &uacute;ltimos cinco anos&rdquo;<\/p>\n<p>Segundo Arthur William, representante da Associa&ccedil;&atilde;o Mundial de R&aacute;dios Comunit&aacute;rias no Brasil (Amarc), a proposta converge com &ldquo;o entendimento mundial de que r&aacute;dios de baixa pot&ecirc;ncia n&atilde;o atrapalham outros servi&ccedil;os de comunica&ccedil;&atilde;o&rdquo;. Contudo, defende que somente a inclus&atilde;o desse artigo n&atilde;o &eacute; suficiente. &ldquo;Al&eacute;m da descriminaliza&ccedil;&atilde;o, &eacute; preciso cair com a desclassifica&ccedil;&atilde;o autom&aacute;tica de legaliza&ccedil;&atilde;o de r&aacute;dios que j&aacute; estejam no ar e tamb&eacute;m mobilizar o movimento social para aprovar o texto da MP no Senado, onde a conjuntura &eacute; menos favor&aacute;vel&rdquo;, defende.<\/p>\n<p>A Associa&ccedil;&atilde;o Brasileira de Emissoras de R&aacute;dio e Televis&atilde;o (Abert) lan&ccedil;ou uma nota dirigida &agrave; imprensa em que se manifesta &ldquo;frontalmente contr&aacute;ria &agrave; proposta de descriminaliza&ccedil;&atilde;o da atividade ilegal de radiodifus&atilde;o&rdquo; alegando que haveria comprometimento da administra&ccedil;&atilde;o do espectro radioel&eacute;trico e enfraquecimento da atua&ccedil;&atilde;o da Ag&ecirc;ncia Nacional de Telecomunica&ccedil;&otilde;es (Anatel) e da Pol&iacute;cia Federal.<\/p>\n<p>O artigo que modifica a Lei Geral de Telecomunica&ccedil;&otilde;es tem sido alvo de cr&iacute;ticas tamb&eacute;m por ter sido inserido &ldquo;de contrabando&rdquo; junto com outras emendas em uma medida provis&oacute;ria que trata especificamente da possibilidade de haver o aporte de recursos p&uacute;blicos durante obras realizadas em regime de parceria p&uacute;blico privada (PPP).<\/p>\n","protected":false},"excerpt":{"rendered":"<p>A Medida Provis&oacute;ria n. 575\/12 foi aprovada na C&acirc;mara dos Deputados e segue para o Senado gerando controv&eacute;rsias. Sociedade civil v&ecirc; avan&ccedil;o positivo na garantia do direito &agrave; comunica&ccedil;&atilde;o.<\/p>\n","protected":false},"author":1,"featured_media":0,"comment_status":"open","ping_status":"open","sticky":false,"template":"","format":"standard","meta":{"footnotes":""},"categories":[40],"tags":[327],"_links":{"self":[{"href":"https:\/\/obscom.intervozes.org.br\/index.php?rest_route=\/wp\/v2\/posts\/27242"}],"collection":[{"href":"https:\/\/obscom.intervozes.org.br\/index.php?rest_route=\/wp\/v2\/posts"}],"about":[{"href":"https:\/\/obscom.intervozes.org.br\/index.php?rest_route=\/wp\/v2\/types\/post"}],"author":[{"embeddable":true,"href":"https:\/\/obscom.intervozes.org.br\/index.php?rest_route=\/wp\/v2\/users\/1"}],"replies":[{"embeddable":true,"href":"https:\/\/obscom.intervozes.org.br\/index.php?rest_route=%2Fwp%2Fv2%2Fcomments&post=27242"}],"version-history":[{"count":0,"href":"https:\/\/obscom.intervozes.org.br\/index.php?rest_route=\/wp\/v2\/posts\/27242\/revisions"}],"wp:attachment":[{"href":"https:\/\/obscom.intervozes.org.br\/index.php?rest_route=%2Fwp%2Fv2%2Fmedia&parent=27242"}],"wp:term":[{"taxonomy":"category","embeddable":true,"href":"https:\/\/obscom.intervozes.org.br\/index.php?rest_route=%2Fwp%2Fv2%2Fcategories&post=27242"},{"taxonomy":"post_tag","embeddable":true,"href":"https:\/\/obscom.intervozes.org.br\/index.php?rest_route=%2Fwp%2Fv2%2Ftags&post=27242"}],"curies":[{"name":"wp","href":"https:\/\/api.w.org\/{rel}","templated":true}]}}