{"id":27237,"date":"2012-11-21T19:01:50","date_gmt":"2012-11-21T19:01:50","guid":{"rendered":"https:\/\/obscom.intervozes.org.br\/wordpress\/?p=27237"},"modified":"2012-11-21T19:01:50","modified_gmt":"2012-11-21T19:01:50","slug":"comunicacao-nao-tem-acompanhado-avancos-nas-politicas-raciais","status":"publish","type":"post","link":"https:\/\/obscom.intervozes.org.br\/?p=27237","title":{"rendered":"Comunica\u00e7\u00e3o n\u00e3o tem acompanhado avan\u00e7os nas pol\u00edticas raciais"},"content":{"rendered":"<p>De acordo com o jornalista e co-fundador do Instituto M&iacute;dia &Eacute;tnica, Andr&eacute; Santana, &ldquo;o Brasil &eacute; refer&ecirc;ncia internacional em pol&iacute;ticas de promo&ccedil;&atilde;o da igualdade, mas na comunica&ccedil;&atilde;o &eacute; o oposto&rdquo;. A afirma&ccedil;&atilde;o do brasileiro refor&ccedil;a a impress&atilde;o causada pela nossa televis&atilde;o no cineasta americano Spike Lee, em sua visita ao pa&iacute;s no in&iacute;cio do ano. &quot;Na primeira vez em que estive aqui, em 1987, fiquei chocado ao ver que na TV, em revistas, n&atilde;o havia negros. Melhorou um pouco. Mas h&aacute; muito a fazer. Quem nunca veio ao Brasil e v&ecirc; a TV brasileira via sat&eacute;lite vai pensar que todos os brasileiros s&atilde;o louros de olhos azuis&quot;, disse Lee em entrevista coletiva.<\/p>\n<p>Mesmo com a emerg&ecirc;ncia de uma classe C de maioria negra, cada vez mais consumidora de bens culturais, representantes da sociedade civil v&ecirc;em na comunica&ccedil;&atilde;o a persist&ecirc;ncia das barreiras raciais. &ldquo;O negro e mesti&ccedil;o brasileiro s&atilde;o grande consumidores, telespectadores e leitores hoje em dia. Ainda assim s&atilde;o sub-representados na m&iacute;dia&rdquo;, afirma Jo&atilde;o Jorge Santos, membro do Conselho Curador da Empresa Brasil de Comunica&ccedil;&atilde;o (EBC) e presidente do grupo Olodum. &nbsp;<\/p>\n<p>Para Paulo Victor Melo, membro do Coletivo Intervozes, um dos principais problemas diz respeito &agrave; propriedade e concess&atilde;o de meios de comunica&ccedil;&atilde;o no pa&iacute;s, que se encontra quase que exclusivamente na m&atilde;o da popula&ccedil;&atilde;o branca. A naturaliza&ccedil;&atilde;o dessa situa&ccedil;&atilde;o poderia ser combatida por meio de pol&iacute;ticas p&uacute;blicas. &ldquo;Outros pa&iacute;ses, como a Bol&iacute;via, t&ecirc;m previsto a concess&atilde;o de canais para comunidades tradicionais, como os ind&iacute;genas&rdquo;, aponta. No Brasil, experi&ecirc;ncias como a &ldquo;TV da Gente&rdquo;, de propriedade do apresentador Netinho de Paula em sociedade com grupos angolanos s&atilde;o exemplos isolados e que t&ecirc;m tido bastante dificuldade para conseguir se estabilizar.<\/p>\n<p>Articula&ccedil;&otilde;es nacionais da sociedade civil, como a campanha &ldquo;Para expressar a liberdade&rdquo; t&ecirc;m se mostrado sens&iacute;veis aos direitos da popula&ccedil;&atilde;o negra do pa&iacute;s, mas ainda sim encontram seus limites. &ldquo;Falta enraizamento nas comunidades tradicionais&rdquo;, afirma Paulo Victor. Andr&eacute; Santana d&aacute; o exemplo do movimento &ldquo;enegrecer a Confecom&rdquo;, que se organizou durante a I Confer&ecirc;ncia Nacional de Comunica&ccedil;&atilde;o e que conseguiu pautar resolu&ccedil;&otilde;es importantes durante o evento.<\/p>\n","protected":false},"excerpt":{"rendered":"<p>Representantes de diversas entidades dizem que comunica&ccedil;&atilde;o brasileira avan&ccedil;a muito pouco no combate ao racismo. Articula&ccedil;&otilde;es como a &quot;Enegrecer a Confecom&quot; foram pioneiras na constru&ccedil;&atilde;o de propostas<\/p>\n","protected":false},"author":1,"featured_media":0,"comment_status":"open","ping_status":"open","sticky":false,"template":"","format":"standard","meta":{"footnotes":""},"categories":[40],"tags":[1726],"_links":{"self":[{"href":"https:\/\/obscom.intervozes.org.br\/index.php?rest_route=\/wp\/v2\/posts\/27237"}],"collection":[{"href":"https:\/\/obscom.intervozes.org.br\/index.php?rest_route=\/wp\/v2\/posts"}],"about":[{"href":"https:\/\/obscom.intervozes.org.br\/index.php?rest_route=\/wp\/v2\/types\/post"}],"author":[{"embeddable":true,"href":"https:\/\/obscom.intervozes.org.br\/index.php?rest_route=\/wp\/v2\/users\/1"}],"replies":[{"embeddable":true,"href":"https:\/\/obscom.intervozes.org.br\/index.php?rest_route=%2Fwp%2Fv2%2Fcomments&post=27237"}],"version-history":[{"count":0,"href":"https:\/\/obscom.intervozes.org.br\/index.php?rest_route=\/wp\/v2\/posts\/27237\/revisions"}],"wp:attachment":[{"href":"https:\/\/obscom.intervozes.org.br\/index.php?rest_route=%2Fwp%2Fv2%2Fmedia&parent=27237"}],"wp:term":[{"taxonomy":"category","embeddable":true,"href":"https:\/\/obscom.intervozes.org.br\/index.php?rest_route=%2Fwp%2Fv2%2Fcategories&post=27237"},{"taxonomy":"post_tag","embeddable":true,"href":"https:\/\/obscom.intervozes.org.br\/index.php?rest_route=%2Fwp%2Fv2%2Ftags&post=27237"}],"curies":[{"name":"wp","href":"https:\/\/api.w.org\/{rel}","templated":true}]}}