{"id":27233,"date":"2012-11-21T18:24:54","date_gmt":"2012-11-21T18:24:54","guid":{"rendered":"https:\/\/obscom.intervozes.org.br\/wordpress\/?p=27233"},"modified":"2012-11-21T18:24:54","modified_gmt":"2012-11-21T18:24:54","slug":"guarani-e-kaiowa-lancam-carta-exigindo-direito-de-resposta-a-revista-veja","status":"publish","type":"post","link":"https:\/\/obscom.intervozes.org.br\/?p=27233","title":{"rendered":"Guarani e Kaiow\u00e1 lan\u00e7am carta exigindo direito de resposta \u00e0 Revista Veja"},"content":{"rendered":"<p><strong>Reda&ccedil;&atilde;o &#8211; Observat&oacute;rio do Direito &agrave; Comunica&ccedil;&atilde;o<\/strong><\/p>\n<p><span class=\"padrao\">Grupos ind&iacute;genas denunciam o racismo e o est&iacute;mulo ao &oacute;dio difundido por uma reportagem publicada na Revista Veja no dia 4 de novembro. Os Gruarani e Kaiow&aacute; lan&ccedil;aram uma <u><a href=\"http:\/\/campanhaguarani.org\/acao\/?p=4\">carta p&uacute;blica<\/a><\/u>  coassinada por cerca de cinquenta organiza&ccedil;&otilde;es exigindo o direito de resposta.<\/p>\n<p>Segundo a carta, a Veja &quot;n&atilde;o perdeu &#39;a oportunidade de apresentar, mais uma vez, a imagem dos Guarani e Kaiow&aacute; como seres incapazes, como [se] n&oacute;s ind&iacute;genas n&atilde;o fossemos seres humanos pensantes. Fomos considerados como selvagens e truculentos&#39;&quot;. Um abaixo-assinado exigindo direito de resposta ser&aacute; enviado ao Minist&eacute;rio P&uacute;blico do Mato Grosso do Sul (MPF-MS).<\/span><\/p>\n","protected":false},"excerpt":{"rendered":"<p>Reda&ccedil;&atilde;o &#8211; Observat&oacute;rio do Direito &agrave; Comunica&ccedil;&atilde;o Grupos ind&iacute;genas denunciam o racismo e o est&iacute;mulo ao &oacute;dio difundido por uma reportagem publicada na Revista Veja no dia 4 de novembro. Os Gruarani e Kaiow&aacute; lan&ccedil;aram uma carta p&uacute;blica coassinada por cerca de cinquenta organiza&ccedil;&otilde;es exigindo o direito de resposta. Segundo a carta, a Veja &quot;n&atilde;o &hellip; <a href=\"https:\/\/obscom.intervozes.org.br\/?p=27233\" class=\"more-link\">Continue lendo <span class=\"screen-reader-text\">Guarani e Kaiow\u00e1 lan\u00e7am carta exigindo direito de resposta \u00e0 Revista Veja<\/span> <span class=\"meta-nav\">&rarr;<\/span><\/a><\/p>\n","protected":false},"author":1,"featured_media":0,"comment_status":"open","ping_status":"open","sticky":false,"template":"","format":"standard","meta":{"footnotes":""},"categories":[39],"tags":[],"_links":{"self":[{"href":"https:\/\/obscom.intervozes.org.br\/index.php?rest_route=\/wp\/v2\/posts\/27233"}],"collection":[{"href":"https:\/\/obscom.intervozes.org.br\/index.php?rest_route=\/wp\/v2\/posts"}],"about":[{"href":"https:\/\/obscom.intervozes.org.br\/index.php?rest_route=\/wp\/v2\/types\/post"}],"author":[{"embeddable":true,"href":"https:\/\/obscom.intervozes.org.br\/index.php?rest_route=\/wp\/v2\/users\/1"}],"replies":[{"embeddable":true,"href":"https:\/\/obscom.intervozes.org.br\/index.php?rest_route=%2Fwp%2Fv2%2Fcomments&post=27233"}],"version-history":[{"count":0,"href":"https:\/\/obscom.intervozes.org.br\/index.php?rest_route=\/wp\/v2\/posts\/27233\/revisions"}],"wp:attachment":[{"href":"https:\/\/obscom.intervozes.org.br\/index.php?rest_route=%2Fwp%2Fv2%2Fmedia&parent=27233"}],"wp:term":[{"taxonomy":"category","embeddable":true,"href":"https:\/\/obscom.intervozes.org.br\/index.php?rest_route=%2Fwp%2Fv2%2Fcategories&post=27233"},{"taxonomy":"post_tag","embeddable":true,"href":"https:\/\/obscom.intervozes.org.br\/index.php?rest_route=%2Fwp%2Fv2%2Ftags&post=27233"}],"curies":[{"name":"wp","href":"https:\/\/api.w.org\/{rel}","templated":true}]}}