{"id":27231,"date":"2012-11-19T18:13:24","date_gmt":"2012-11-19T18:13:24","guid":{"rendered":"https:\/\/obscom.intervozes.org.br\/wordpress\/?p=27231"},"modified":"2012-11-19T18:13:24","modified_gmt":"2012-11-19T18:13:24","slug":"curso-discute-trabalhadores-e-comunicacao-na-america-latina","status":"publish","type":"post","link":"https:\/\/obscom.intervozes.org.br\/?p=27231","title":{"rendered":"Curso discute trabalhadores e comunica\u00e7\u00e3o na Am\u00e9rica Latina"},"content":{"rendered":"<p><span class=\"padrao\"><strong>Reda&ccedil;&atilde;o &#8211; Observat&oacute;rio do Direito &agrave; Comunica&ccedil;&atilde;o<\/strong><\/p>\n<p>N&uacute;cleo Piratininga de Comunica&ccedil;&atilde;o promove entre os dias 21 e 25 de novembro a 18&ordf; edi&ccedil;&atilde;o de seu Curso Anual de Comunica&ccedil;&atilde;o. &ldquo;Os Trabalhadores e a Comunica&ccedil;&atilde;o na Am&eacute;rica Latina&rdquo; foi o tema geral escolhido deste ano. <\/p>\n<p>Al&eacute;m de discuss&otilde;es sobre m&iacute;dia no Brasil e na Am&eacute;rica Latina, m&iacute;dia e criminaliza&ccedil;&atilde;o da pobreza, marco regulat&oacute;rio, TV p&uacute;blica e estatal, dentre outros, o evento conta com oficinas pr&aacute;ticas. O curso ser&aacute; realizado no Rio&rsquo;s Presidente Hotel, que fica na Rua Pedro I, 19, no Centro do Rio de Janeiro (pr&oacute;ximo &agrave; Pra&ccedil;a Tiradentes). <\/span><\/p>\n","protected":false},"excerpt":{"rendered":"<p>Reda&ccedil;&atilde;o &#8211; Observat&oacute;rio do Direito &agrave; Comunica&ccedil;&atilde;o N&uacute;cleo Piratininga de Comunica&ccedil;&atilde;o promove entre os dias 21 e 25 de novembro a 18&ordf; edi&ccedil;&atilde;o de seu Curso Anual de Comunica&ccedil;&atilde;o. &ldquo;Os Trabalhadores e a Comunica&ccedil;&atilde;o na Am&eacute;rica Latina&rdquo; foi o tema geral escolhido deste ano. Al&eacute;m de discuss&otilde;es sobre m&iacute;dia no Brasil e na Am&eacute;rica Latina, &hellip; <a href=\"https:\/\/obscom.intervozes.org.br\/?p=27231\" class=\"more-link\">Continue lendo <span class=\"screen-reader-text\">Curso discute trabalhadores e comunica\u00e7\u00e3o na Am\u00e9rica Latina<\/span> <span class=\"meta-nav\">&rarr;<\/span><\/a><\/p>\n","protected":false},"author":1,"featured_media":0,"comment_status":"open","ping_status":"open","sticky":false,"template":"","format":"standard","meta":{"footnotes":""},"categories":[39],"tags":[],"_links":{"self":[{"href":"https:\/\/obscom.intervozes.org.br\/index.php?rest_route=\/wp\/v2\/posts\/27231"}],"collection":[{"href":"https:\/\/obscom.intervozes.org.br\/index.php?rest_route=\/wp\/v2\/posts"}],"about":[{"href":"https:\/\/obscom.intervozes.org.br\/index.php?rest_route=\/wp\/v2\/types\/post"}],"author":[{"embeddable":true,"href":"https:\/\/obscom.intervozes.org.br\/index.php?rest_route=\/wp\/v2\/users\/1"}],"replies":[{"embeddable":true,"href":"https:\/\/obscom.intervozes.org.br\/index.php?rest_route=%2Fwp%2Fv2%2Fcomments&post=27231"}],"version-history":[{"count":0,"href":"https:\/\/obscom.intervozes.org.br\/index.php?rest_route=\/wp\/v2\/posts\/27231\/revisions"}],"wp:attachment":[{"href":"https:\/\/obscom.intervozes.org.br\/index.php?rest_route=%2Fwp%2Fv2%2Fmedia&parent=27231"}],"wp:term":[{"taxonomy":"category","embeddable":true,"href":"https:\/\/obscom.intervozes.org.br\/index.php?rest_route=%2Fwp%2Fv2%2Fcategories&post=27231"},{"taxonomy":"post_tag","embeddable":true,"href":"https:\/\/obscom.intervozes.org.br\/index.php?rest_route=%2Fwp%2Fv2%2Ftags&post=27231"}],"curies":[{"name":"wp","href":"https:\/\/api.w.org\/{rel}","templated":true}]}}