{"id":27229,"date":"2012-11-19T15:19:24","date_gmt":"2012-11-19T15:19:24","guid":{"rendered":"https:\/\/obscom.intervozes.org.br\/wordpress\/?p=27229"},"modified":"2012-11-19T15:19:24","modified_gmt":"2012-11-19T15:19:24","slug":"comissao-do-congresso-discute-conselho-de-comunicacao-social-no-dia-20","status":"publish","type":"post","link":"https:\/\/obscom.intervozes.org.br\/?p=27229","title":{"rendered":"Comiss\u00e3o do Congresso discute Conselho de Comunica\u00e7\u00e3o Social no dia 20"},"content":{"rendered":"<p><strong>Reda&ccedil;&atilde;o &#8211; Observat&oacute;rio do Direito &agrave; Comunica&ccedil;&atilde;o<\/strong> <\/p>\n<p><span class=\"padrao\">A <\/span><span class=\"padrao\">Comiss&atilde;o de Ci&ecirc;ncia e Tecnologia, Comunica&ccedil;&atilde;o e Inform&aacute;tica realiza audi&ecirc;ncia p&uacute;blica com o tema &ldquo;Debate sobre o Conselho de Comunica&ccedil;&atilde;o Social do Congresso Nacional&rdquo;. O evento, impulsionado pela <\/span><span class=\"padrao\"><span class=\"padrao\">Frente Parlamentar pela Liberdade de Express&atilde;o e o Direito &agrave; Comunica&ccedil;&atilde;o com Participa&ccedil;&atilde;o Popular<\/span>, acontece no dia 20 de novembro, &agrave;s 14h30, no Plen&aacute;rio 13, Anexo II da C&acirc;mara dos Deputados, em Bras&iacute;lia.  <\/p>\n<p>Requerido pela Deputada Luiza Erundina e pelo Deputado Milton Monti, a reuni&atilde;o contar&aacute; com a participa&ccedil;&atilde;o de  Dom Orani Jo&atilde;o Tempesta, Presidente do Conselho de Comunica&ccedil;&atilde;o Social do Congresso Nacional, da Deputada Jandira Feghali, Presidente da Frente Parlamentar Mista em Defesa da Cultura, de Rosane Bertotti, Coordenadora-geral do F&oacute;rum Nacional pela Democratiza&ccedil;&atilde;o da Comunica&ccedil;&atilde;o (FNDC), do Deputado Milton Monti, Coordenador da Frente Parlamentar da Comunica&ccedil;&atilde;o Social (FreCom), e  de um representante da Frente Parlamentar pela Liberdade de Express&atilde;o e o Direito &agrave; Comunica&ccedil;&atilde;o com Participa&ccedil;&atilde;o Popular. <\/span><\/p>\n","protected":false},"excerpt":{"rendered":"<p>Reda&ccedil;&atilde;o &#8211; Observat&oacute;rio do Direito &agrave; Comunica&ccedil;&atilde;o A Comiss&atilde;o de Ci&ecirc;ncia e Tecnologia, Comunica&ccedil;&atilde;o e Inform&aacute;tica realiza audi&ecirc;ncia p&uacute;blica com o tema &ldquo;Debate sobre o Conselho de Comunica&ccedil;&atilde;o Social do Congresso Nacional&rdquo;. O evento, impulsionado pela Frente Parlamentar pela Liberdade de Express&atilde;o e o Direito &agrave; Comunica&ccedil;&atilde;o com Participa&ccedil;&atilde;o Popular, acontece no dia 20 de &hellip; <a href=\"https:\/\/obscom.intervozes.org.br\/?p=27229\" class=\"more-link\">Continue lendo <span class=\"screen-reader-text\">Comiss\u00e3o do Congresso discute Conselho de Comunica\u00e7\u00e3o Social no dia 20<\/span> <span class=\"meta-nav\">&rarr;<\/span><\/a><\/p>\n","protected":false},"author":1,"featured_media":0,"comment_status":"open","ping_status":"open","sticky":false,"template":"","format":"standard","meta":{"footnotes":""},"categories":[39],"tags":[],"_links":{"self":[{"href":"https:\/\/obscom.intervozes.org.br\/index.php?rest_route=\/wp\/v2\/posts\/27229"}],"collection":[{"href":"https:\/\/obscom.intervozes.org.br\/index.php?rest_route=\/wp\/v2\/posts"}],"about":[{"href":"https:\/\/obscom.intervozes.org.br\/index.php?rest_route=\/wp\/v2\/types\/post"}],"author":[{"embeddable":true,"href":"https:\/\/obscom.intervozes.org.br\/index.php?rest_route=\/wp\/v2\/users\/1"}],"replies":[{"embeddable":true,"href":"https:\/\/obscom.intervozes.org.br\/index.php?rest_route=%2Fwp%2Fv2%2Fcomments&post=27229"}],"version-history":[{"count":0,"href":"https:\/\/obscom.intervozes.org.br\/index.php?rest_route=\/wp\/v2\/posts\/27229\/revisions"}],"wp:attachment":[{"href":"https:\/\/obscom.intervozes.org.br\/index.php?rest_route=%2Fwp%2Fv2%2Fmedia&parent=27229"}],"wp:term":[{"taxonomy":"category","embeddable":true,"href":"https:\/\/obscom.intervozes.org.br\/index.php?rest_route=%2Fwp%2Fv2%2Fcategories&post=27229"},{"taxonomy":"post_tag","embeddable":true,"href":"https:\/\/obscom.intervozes.org.br\/index.php?rest_route=%2Fwp%2Fv2%2Ftags&post=27229"}],"curies":[{"name":"wp","href":"https:\/\/api.w.org\/{rel}","templated":true}]}}