{"id":27226,"date":"2012-11-13T16:41:28","date_gmt":"2012-11-13T16:41:28","guid":{"rendered":"https:\/\/obscom.intervozes.org.br\/wordpress\/?p=27226"},"modified":"2012-11-13T16:41:28","modified_gmt":"2012-11-13T16:41:28","slug":"trabalhadores-da-ebc-em-estado-de-greve-reforcam-mobilizacao","status":"publish","type":"post","link":"https:\/\/obscom.intervozes.org.br\/?p=27226","title":{"rendered":"Trabalhadores da EBC em estado de greve refor\u00e7am mobiliza\u00e7\u00e3o"},"content":{"rendered":"<p><strong>Reda&ccedil;&atilde;o &#8211; Observat&oacute;rio do Direito &agrave; Comunica&ccedil;&atilde;o<\/strong><\/p>\n<p>Trabalhadores da Empresa Brasileira de Comunica&ccedil;&atilde;o (EBC) est&atilde;o em estado de greve e promovem nesta quarta (14) a&ccedil;&otilde;es nas redes sociais com a hashtag #estadodegrevenaEBC para refor&ccedil;ar a mobiliza&ccedil;&atilde;o. Em assembl&eacute;ia no &uacute;ltimo dia 9 (sexta-feira), foi rejeitada a proposta de reajuste referenciada apenas no &Iacute;ndice Nacional de Pre&ccedil;os ao Consumidor Amplo (IPCA), que n&atilde;o atende a reivindica&ccedil;&atilde;o de 5% de aumento real para todos os sal&aacute;rios.<\/p>\n<p>Outro ponto de interesse dos empregados da EBC diz respeito &agrave; revis&atilde;o do Plano de Empregos, Carreiras e Sal&aacute;rios (PECS) da empresa. Os trabalhadores prop&otilde;e que a empresa conclua o processo dentro de um prazo de seis meses, garantindo a&nbsp; participa&ccedil;&atilde;o dos empregados em todas as fases de elabora&ccedil;&atilde;o do novo plano.<\/p>\n","protected":false},"excerpt":{"rendered":"<p>Reda&ccedil;&atilde;o &#8211; Observat&oacute;rio do Direito &agrave; Comunica&ccedil;&atilde;o Trabalhadores da Empresa Brasileira de Comunica&ccedil;&atilde;o (EBC) est&atilde;o em estado de greve e promovem nesta quarta (14) a&ccedil;&otilde;es nas redes sociais com a hashtag #estadodegrevenaEBC para refor&ccedil;ar a mobiliza&ccedil;&atilde;o. Em assembl&eacute;ia no &uacute;ltimo dia 9 (sexta-feira), foi rejeitada a proposta de reajuste referenciada apenas no &Iacute;ndice Nacional de &hellip; <a href=\"https:\/\/obscom.intervozes.org.br\/?p=27226\" class=\"more-link\">Continue lendo <span class=\"screen-reader-text\">Trabalhadores da EBC em estado de greve refor\u00e7am mobiliza\u00e7\u00e3o<\/span> <span class=\"meta-nav\">&rarr;<\/span><\/a><\/p>\n","protected":false},"author":1,"featured_media":0,"comment_status":"open","ping_status":"open","sticky":false,"template":"","format":"standard","meta":{"footnotes":""},"categories":[39],"tags":[],"_links":{"self":[{"href":"https:\/\/obscom.intervozes.org.br\/index.php?rest_route=\/wp\/v2\/posts\/27226"}],"collection":[{"href":"https:\/\/obscom.intervozes.org.br\/index.php?rest_route=\/wp\/v2\/posts"}],"about":[{"href":"https:\/\/obscom.intervozes.org.br\/index.php?rest_route=\/wp\/v2\/types\/post"}],"author":[{"embeddable":true,"href":"https:\/\/obscom.intervozes.org.br\/index.php?rest_route=\/wp\/v2\/users\/1"}],"replies":[{"embeddable":true,"href":"https:\/\/obscom.intervozes.org.br\/index.php?rest_route=%2Fwp%2Fv2%2Fcomments&post=27226"}],"version-history":[{"count":0,"href":"https:\/\/obscom.intervozes.org.br\/index.php?rest_route=\/wp\/v2\/posts\/27226\/revisions"}],"wp:attachment":[{"href":"https:\/\/obscom.intervozes.org.br\/index.php?rest_route=%2Fwp%2Fv2%2Fmedia&parent=27226"}],"wp:term":[{"taxonomy":"category","embeddable":true,"href":"https:\/\/obscom.intervozes.org.br\/index.php?rest_route=%2Fwp%2Fv2%2Fcategories&post=27226"},{"taxonomy":"post_tag","embeddable":true,"href":"https:\/\/obscom.intervozes.org.br\/index.php?rest_route=%2Fwp%2Fv2%2Ftags&post=27226"}],"curies":[{"name":"wp","href":"https:\/\/api.w.org\/{rel}","templated":true}]}}