{"id":27225,"date":"2012-11-13T16:36:30","date_gmt":"2012-11-13T16:36:30","guid":{"rendered":"https:\/\/obscom.intervozes.org.br\/wordpress\/?p=27225"},"modified":"2012-11-13T16:36:30","modified_gmt":"2012-11-13T16:36:30","slug":"amarc-promove-seminario-de-lancamento-de-programa-mundial-de-legislacoes-e-direito-a-comunicacao","status":"publish","type":"post","link":"https:\/\/obscom.intervozes.org.br\/?p=27225","title":{"rendered":"AMARC promove semin\u00e1rio de lan\u00e7amento de Programa Mundial de Legisla\u00e7\u00f5es e Direito \u00e0 Comunica\u00e7\u00e3o"},"content":{"rendered":"<p><strong>Reda&ccedil;&atilde;o &#8211; Observat&oacute;rio do Direito &agrave; Comunica&ccedil;&atilde;o<\/strong><\/p>\n<p>A Associa&ccedil;&atilde;o Mundial de R&aacute;dios Comunit&aacute;rias (AMARC) realiza no pr&oacute;ximo dia 22 de novembro, quinta, na C&acirc;mara do Deputados, em Bras&iacute;lia, o Semin&aacute;rio Internacional &ldquo;Direito &agrave; Comunica&ccedil;&atilde;o, Democracia e Converg&ecirc;ncia Tecnol&oacute;gica&rdquo;. O evento visa promover um debate sobre os desafios do movimento mundial de r&aacute;dios comunit&aacute;rias e marcar&aacute; o lan&ccedil;amento do Programa Mundial de Legisla&ccedil;&otilde;es e Direito &agrave; Comunica&ccedil;&atilde;o da AMARC.<\/p>\n<p>Participar&atilde;o do evento representa&ccedil;&otilde;es da Unesco, Rep&oacute;rteres Sem Fronteiras, Uni&atilde;o Sul-americana de Correspondentes Internacionais, pesquisadores, como Martin Becerra (Universidade de Quilmes), representantes dos Poderes Executivo e Legislativo, comunicadores populares, dentre outros. Os interessados poder&atilde;o fazer sua inscri&ccedil;&atilde;o clicando <a href=\" https:\/\/docs.google.com\/spreadsheet\/viewform?pli=1&amp;formkey=dFBkQzhWWjlVOV9FTlZ5anA3bFFqYUE6MQ#gid=0\"><u>aqui<\/u><\/a>. <\/p>\n","protected":false},"excerpt":{"rendered":"<p>Reda&ccedil;&atilde;o &#8211; Observat&oacute;rio do Direito &agrave; Comunica&ccedil;&atilde;o A Associa&ccedil;&atilde;o Mundial de R&aacute;dios Comunit&aacute;rias (AMARC) realiza no pr&oacute;ximo dia 22 de novembro, quinta, na C&acirc;mara do Deputados, em Bras&iacute;lia, o Semin&aacute;rio Internacional &ldquo;Direito &agrave; Comunica&ccedil;&atilde;o, Democracia e Converg&ecirc;ncia Tecnol&oacute;gica&rdquo;. O evento visa promover um debate sobre os desafios do movimento mundial de r&aacute;dios comunit&aacute;rias e marcar&aacute; &hellip; <a href=\"https:\/\/obscom.intervozes.org.br\/?p=27225\" class=\"more-link\">Continue lendo <span class=\"screen-reader-text\">AMARC promove semin\u00e1rio de lan\u00e7amento de Programa Mundial de Legisla\u00e7\u00f5es e Direito \u00e0 Comunica\u00e7\u00e3o<\/span> <span class=\"meta-nav\">&rarr;<\/span><\/a><\/p>\n","protected":false},"author":1,"featured_media":0,"comment_status":"open","ping_status":"open","sticky":false,"template":"","format":"standard","meta":{"footnotes":""},"categories":[39],"tags":[],"_links":{"self":[{"href":"https:\/\/obscom.intervozes.org.br\/index.php?rest_route=\/wp\/v2\/posts\/27225"}],"collection":[{"href":"https:\/\/obscom.intervozes.org.br\/index.php?rest_route=\/wp\/v2\/posts"}],"about":[{"href":"https:\/\/obscom.intervozes.org.br\/index.php?rest_route=\/wp\/v2\/types\/post"}],"author":[{"embeddable":true,"href":"https:\/\/obscom.intervozes.org.br\/index.php?rest_route=\/wp\/v2\/users\/1"}],"replies":[{"embeddable":true,"href":"https:\/\/obscom.intervozes.org.br\/index.php?rest_route=%2Fwp%2Fv2%2Fcomments&post=27225"}],"version-history":[{"count":0,"href":"https:\/\/obscom.intervozes.org.br\/index.php?rest_route=\/wp\/v2\/posts\/27225\/revisions"}],"wp:attachment":[{"href":"https:\/\/obscom.intervozes.org.br\/index.php?rest_route=%2Fwp%2Fv2%2Fmedia&parent=27225"}],"wp:term":[{"taxonomy":"category","embeddable":true,"href":"https:\/\/obscom.intervozes.org.br\/index.php?rest_route=%2Fwp%2Fv2%2Fcategories&post=27225"},{"taxonomy":"post_tag","embeddable":true,"href":"https:\/\/obscom.intervozes.org.br\/index.php?rest_route=%2Fwp%2Fv2%2Ftags&post=27225"}],"curies":[{"name":"wp","href":"https:\/\/api.w.org\/{rel}","templated":true}]}}