{"id":27221,"date":"2012-11-12T19:17:29","date_gmt":"2012-11-12T19:17:29","guid":{"rendered":"https:\/\/obscom.intervozes.org.br\/wordpress\/?p=27221"},"modified":"2012-11-12T19:17:29","modified_gmt":"2012-11-12T19:17:29","slug":"pt-quer-nova-lei-de-midia-em-2013-e-deve-pautar-tema-em-reuniao-do-diretorio-nacional","status":"publish","type":"post","link":"https:\/\/obscom.intervozes.org.br\/?p=27221","title":{"rendered":"PT quer nova Lei de M\u00eddia em 2013 e deve pautar tema em reuni\u00e3o do Diret\u00f3rio Nacional"},"content":{"rendered":"<p>Na semana passada, Rui Falc&atilde;o, presidente do partido, defendeu a regulamenta&ccedil;&atilde;o dos artigos da Constitui&ccedil;&atilde;o que tratam da comunica&ccedil;&atilde;o social.<\/p>\n<p>Na semana passada, Rui Falc&atilde;o, presidente do partido, defendeu a regulamenta&ccedil;&atilde;o dos artigos da Constitui&ccedil;&atilde;o que tratam da comunica&ccedil;&atilde;o social.<\/p>\n<p>O presidente do Partido dos Trabalhadores, Rui Falc&atilde;o, j&aacute; declarou que a sigla tem pelo menos duas prioridades para 2013: o novo marco regulat&oacute;rio da comunica&ccedil;&atilde;o e a reforma pol&iacute;tica. Para come&ccedil;ar a desenhar a estrat&eacute;gia para pressionar o governo a mandar ao Congresso um projeto de lei para regulamentar as comunica&ccedil;&otilde;es, o partido deve colocar em pauta o tema no pr&oacute;ximo dia 8 de dezembro, durante a reuni&atilde;o do Diret&oacute;rio nacional, informou uma fonte pr&oacute;xima ao assunto.<\/p>\n<p>Na semana passada, Falc&atilde;o declarou &agrave; imprensa internacional que espera que o governo envie um projeto de marco regulat&oacute;rio das comunica&ccedil;&otilde;es do pa&iacute;s. &quot;Quem pode regulamentar os artigos da Constitui&ccedil;&atilde;o n&atilde;o &eacute; o partido, &eacute; o congresso nacional. E n&oacute;s esperamos que o nosso governo envie um projeto de constitui&ccedil;&atilde;o de um marco regulat&oacute;rio no pa&iacute;s que amplie a liberdade de express&atilde;o e elimine qualquer possibilidade de censura a todos os meios de comunica&ccedil;&atilde;o e regule os artigos que desde 1988 n&atilde;o foram regulamentados e, portanto, seguem no papel&quot;, declarou complementando, o PT continuar&aacute; levantando esta bandeira&quot;.<\/p>\n<p>Para Falc&atilde;o, os Artigos 220 e 221 da Constitui&ccedil;&atilde;o Federal que tratam da liberdade de express&atilde;o, monop&oacute;lio e princ&iacute;pios para concess&atilde;o de r&aacute;dio e televis&atilde;o. &quot;Acho incompat&iacute;vel quem concede se beneficiar da concess&atilde;o. H&aacute; no Brasil propriet&aacute;rios de meios de comunica&ccedil;&atilde;o que s&atilde;o detentores de mandato parlamentar, e &eacute; o parlamento que concede autoriza&ccedil;&atilde;o para o funcionamento&quot;, declarou.<\/p>\n<p>O presidente do PT salientou que as mudan&ccedil;as propostas devem ter implementa&ccedil;&atilde;o gradual. &quot;Naturalmente, isso seria feito por meio de transi&ccedil;&atilde;o. N&atilde;o pensamos expropriar ningu&eacute;m, tudo seria feito de acordo com a lei e com o objetivo &uacute;nico de ampliar as possibilidades de liberdade de express&atilde;o e n&atilde;o para restringir&quot;.<\/p>\n<p>Andr&eacute; Vargas, secret&aacute;rio de comunica&ccedil;&atilde;o do PT, lembrou que a regula&ccedil;&atilde;o dos meios de comunica&ccedil;&atilde;o &eacute; uma bandeira hist&oacute;rica do partido, mas deixou claro que a mobiliza&ccedil;&atilde;o para pressionar o governo a mandar um projeto para o congresso deve partir tamb&eacute;m de outras entidades, como o F&oacute;rum Nacional pela Democratiza&ccedil;&atilde;o da Comunica&ccedil;&atilde;o (FNDC).<\/p>\n<p>Em agosto, diversas entidades, entre elas o FNDC, iniciaram uma campanha chamada Para Expressar a Liberdade, que apresenta 20 pontos a serem contemplados na nova lei. Rosane Bertotti, coordenadora geral do FNDC, lembrou que a cria&ccedil;&atilde;o de um novo marco para as comunica&ccedil;&otilde;es no Brasil j&aacute; foi uma proposta de campanha do governo Lula e &eacute; proposta de campanha do governo de Dilma Rousseff tamb&eacute;m.<\/p>\n<p><strong>Lei Comunica&ccedil;&atilde;o Digital<\/strong><\/p>\n<p>O Minist&eacute;rio das Comunica&ccedil;&otilde;es tem trabalhado na constru&ccedil;&atilde;o do novo marco regulat&oacute;rio da comunica&ccedil;&atilde;o eletr&ocirc;nica. A consulta p&uacute;blica do texto, que estava prevista para o primeiro semestre, foi adiada para depois das elei&ccedil;&otilde;es, mas a pasta ainda n&atilde;o tem uma posi&ccedil;&atilde;o de quando isso acontecer&aacute;.<\/p>\n<p>Segundo a assessoria de imprensa do Minist&eacute;rio das Comunica&ccedil;&otilde;es, ainda n&atilde;o foi decidido se o governo apresentar&aacute; um ou mais projetos de lei sobre o tema, mas a iniciativa certamente sair&aacute; do Executivo. A assessoria da pasta garante que antes da proposta final ser encaminhada ao Congresso Nacional ser&atilde;o realizadas audi&ecirc;ncias p&uacute;blicas. <br \/>&nbsp;<\/p>\n","protected":false},"excerpt":{"rendered":"<p>Na semana passada, Rui Falc&atilde;o, presidente do partido, defendeu a regulamenta&ccedil;&atilde;o dos artigos da Constitui&ccedil;&atilde;o que tratam da comunica&ccedil;&atilde;o social. Na semana passada, Rui Falc&atilde;o, presidente do partido, defendeu a regulamenta&ccedil;&atilde;o dos artigos da Constitui&ccedil;&atilde;o que tratam da comunica&ccedil;&atilde;o social. O presidente do Partido dos Trabalhadores, Rui Falc&atilde;o, j&aacute; declarou que a sigla tem pelo &hellip; <a href=\"https:\/\/obscom.intervozes.org.br\/?p=27221\" class=\"more-link\">Continue lendo <span class=\"screen-reader-text\">PT quer nova Lei de M\u00eddia em 2013 e deve pautar tema em reuni\u00e3o do Diret\u00f3rio Nacional<\/span> <span class=\"meta-nav\">&rarr;<\/span><\/a><\/p>\n","protected":false},"author":1,"featured_media":0,"comment_status":"open","ping_status":"open","sticky":false,"template":"","format":"standard","meta":{"footnotes":""},"categories":[40],"tags":[366],"_links":{"self":[{"href":"https:\/\/obscom.intervozes.org.br\/index.php?rest_route=\/wp\/v2\/posts\/27221"}],"collection":[{"href":"https:\/\/obscom.intervozes.org.br\/index.php?rest_route=\/wp\/v2\/posts"}],"about":[{"href":"https:\/\/obscom.intervozes.org.br\/index.php?rest_route=\/wp\/v2\/types\/post"}],"author":[{"embeddable":true,"href":"https:\/\/obscom.intervozes.org.br\/index.php?rest_route=\/wp\/v2\/users\/1"}],"replies":[{"embeddable":true,"href":"https:\/\/obscom.intervozes.org.br\/index.php?rest_route=%2Fwp%2Fv2%2Fcomments&post=27221"}],"version-history":[{"count":0,"href":"https:\/\/obscom.intervozes.org.br\/index.php?rest_route=\/wp\/v2\/posts\/27221\/revisions"}],"wp:attachment":[{"href":"https:\/\/obscom.intervozes.org.br\/index.php?rest_route=%2Fwp%2Fv2%2Fmedia&parent=27221"}],"wp:term":[{"taxonomy":"category","embeddable":true,"href":"https:\/\/obscom.intervozes.org.br\/index.php?rest_route=%2Fwp%2Fv2%2Fcategories&post=27221"},{"taxonomy":"post_tag","embeddable":true,"href":"https:\/\/obscom.intervozes.org.br\/index.php?rest_route=%2Fwp%2Fv2%2Ftags&post=27221"}],"curies":[{"name":"wp","href":"https:\/\/api.w.org\/{rel}","templated":true}]}}