{"id":27219,"date":"2012-11-12T19:02:36","date_gmt":"2012-11-12T19:02:36","guid":{"rendered":"https:\/\/obscom.intervozes.org.br\/wordpress\/?p=27219"},"modified":"2012-11-12T19:02:36","modified_gmt":"2012-11-12T19:02:36","slug":"conselheiros-analisam-publicacao-de-biografias-e-federalizacao-de-crimes-contra-jornalistas","status":"publish","type":"post","link":"https:\/\/obscom.intervozes.org.br\/?p=27219","title":{"rendered":"Conselheiros analisam publica\u00e7\u00e3o de biografias e federaliza\u00e7\u00e3o de crimes contra jornalistas"},"content":{"rendered":"<p>Dois conselheiros do Conselho de Comunica&ccedil;&atilde;o Social (CCS) do Congresso Nacional foram indicados, nesta segunda-feira (5), como relatores de dois projetos de lei em tramita&ccedil;&atilde;o. O representante dos profissionais radialistas, Jos&eacute; Catarino Nascimento, ficou encarregado de apresentar an&aacute;lise sobre o projeto de lei que prop&otilde;e a federaliza&ccedil;&atilde;o de crimes contra a atividade jornal&iacute;stica. J&aacute; o representante da sociedade civil Ronaldo Lemos vai apresentar estudo sobre o projeto que trata da publica&ccedil;&atilde;o de biografias no Brasil.<br \/>Os dois relat&oacute;rios ser&atilde;o apresentados e debatidos pelo CCS em sua pr&oacute;xima reuni&atilde;o, agendada para as 11h30 do dia 3 de dezembro de 2012.<\/p>\n<p>De autoria do deputado Delegado Prot&oacute;genes (PCdoB-SP), o PL 1.078\/2011 disp&otilde;e sobre a participa&ccedil;&atilde;o da Pol&iacute;cia Federal na investiga&ccedil;&atilde;o de crimes em que houver omiss&atilde;o ou inefici&ecirc;ncia das esferas competentes em crimes contra a atividade jornal&iacute;stica. O conselheiro Nascimento prop&otilde;e que o conselho sugira ao deputado mudan&ccedil;as no texto do projeto para que abarque todos os profissionais que trabalham com jornalismo, como locutores, cinegrafistas, fot&oacute;grafos e radialistas, entre outros.<\/p>\n<p>O PL 393\/2011, de autoria do deputado Newton Lima (PT-SP), altera o tratamento legal &agrave; publica&ccedil;&atilde;o de biografias no pa&iacute;s.<\/p>\n<p><strong>EBC<\/strong><\/p>\n<p>Foi concedida vista a dois itens da pauta, que devem ser retomados na pr&oacute;xima reuni&atilde;o do conselho: o recebimento, por parte do CCS, das decis&otilde;es tomadas pelo Conselho Curador da Empresa Brasil de Comunica&ccedil;&atilde;o (EBC) e o relat&oacute;rio sobre regulamento da Ag&ecirc;ncia Nacional de Cinema (Ancine).<\/p>\n<p>No que se refere &agrave; EBC, o coordenador da comiss&atilde;o tem&aacute;tica que analisa a rela&ccedil;&atilde;o do conselho com a empresa &eacute; o representante das empresas de imprensa escrita, Alexandre Kruel Jobim. Ele opinou que n&atilde;o cabe ao CCS examinar o m&eacute;rito dos atos de cria&ccedil;&atilde;o e estrutura&ccedil;&atilde;o da EBC. Cabe sim &agrave; EBC, apontou ele, de acordo com a lei, enviar ao CCS todas suas decis&otilde;es e atas.<\/p>\n<p>Os conselheiros debateram ent&atilde;o se &eacute; prerrogativa do CCS analisar e posicionar-se sobre toda e qualquer decis&atilde;o da EBC. O representante das empresas de r&aacute;dio Walter Vieira Ceneviva sugeriu que o bonselho emita parecer apenas sobre as decis&otilde;es do Conselho Curador da EBC que tratem de temas afins &agrave;s prerrogativas do CCS. O tema voltar&aacute; a ser analisado na pr&oacute;xima reuni&atilde;o.<\/p>\n<p><strong>O Conselho<\/strong><\/p>\n<p>Criado pela Constitui&ccedil;&atilde;o de 1988, o Conselho de Comunica&ccedil;&atilde;o Social funciona como &oacute;rg&atilde;o auxiliar do Congresso Nacional na elabora&ccedil;&atilde;o de estudos, pareceres e recomenda&ccedil;&otilde;es, entre outras solicita&ccedil;&otilde;es dos parlamentares, sobre assuntos relacionados &agrave; comunica&ccedil;&atilde;o e &agrave; liberdade de express&atilde;o.<\/p>\n<p>Composto por 13 membros titulares e 13 suplentes, empossados no dia 8 de agosto deste ano, o CCS re&uacute;ne representantes de ve&iacute;culos de comunica&ccedil;&atilde;o e de categorias profissionais, al&eacute;m de cinco representantes da sociedade.&nbsp; O presidente do CCS &eacute; o arcebispo do Rio de Janeiro, dom Orani Jo&atilde;o Tempesta, e o vice-presidente &eacute; o diretor da Secretaria Especial de Comunica&ccedil;&atilde;o do Senado (Secs), Fernando Cesar Mesquita.<\/p>\n<p>Os conselheiros se re&uacute;nem toda primeira segunda-feira do m&ecirc;s no Senado e n&atilde;o recebem qualquer remunera&ccedil;&atilde;o para isso.<\/p>\n","protected":false},"excerpt":{"rendered":"<p>Dois conselheiros do Conselho de Comunica&ccedil;&atilde;o Social (CCS) do Congresso Nacional foram indicados, nesta segunda-feira (5), como relatores de dois projetos de lei em tramita&ccedil;&atilde;o. O representante dos profissionais radialistas, Jos&eacute; Catarino Nascimento, ficou encarregado de apresentar an&aacute;lise sobre o projeto de lei que prop&otilde;e a federaliza&ccedil;&atilde;o de crimes contra a atividade jornal&iacute;stica. J&aacute; o &hellip; <a href=\"https:\/\/obscom.intervozes.org.br\/?p=27219\" class=\"more-link\">Continue lendo <span class=\"screen-reader-text\">Conselheiros analisam publica\u00e7\u00e3o de biografias e federaliza\u00e7\u00e3o de crimes contra jornalistas<\/span> <span class=\"meta-nav\">&rarr;<\/span><\/a><\/p>\n","protected":false},"author":1,"featured_media":0,"comment_status":"open","ping_status":"open","sticky":false,"template":"","format":"standard","meta":{"footnotes":""},"categories":[40],"tags":[268],"_links":{"self":[{"href":"https:\/\/obscom.intervozes.org.br\/index.php?rest_route=\/wp\/v2\/posts\/27219"}],"collection":[{"href":"https:\/\/obscom.intervozes.org.br\/index.php?rest_route=\/wp\/v2\/posts"}],"about":[{"href":"https:\/\/obscom.intervozes.org.br\/index.php?rest_route=\/wp\/v2\/types\/post"}],"author":[{"embeddable":true,"href":"https:\/\/obscom.intervozes.org.br\/index.php?rest_route=\/wp\/v2\/users\/1"}],"replies":[{"embeddable":true,"href":"https:\/\/obscom.intervozes.org.br\/index.php?rest_route=%2Fwp%2Fv2%2Fcomments&post=27219"}],"version-history":[{"count":0,"href":"https:\/\/obscom.intervozes.org.br\/index.php?rest_route=\/wp\/v2\/posts\/27219\/revisions"}],"wp:attachment":[{"href":"https:\/\/obscom.intervozes.org.br\/index.php?rest_route=%2Fwp%2Fv2%2Fmedia&parent=27219"}],"wp:term":[{"taxonomy":"category","embeddable":true,"href":"https:\/\/obscom.intervozes.org.br\/index.php?rest_route=%2Fwp%2Fv2%2Fcategories&post=27219"},{"taxonomy":"post_tag","embeddable":true,"href":"https:\/\/obscom.intervozes.org.br\/index.php?rest_route=%2Fwp%2Fv2%2Ftags&post=27219"}],"curies":[{"name":"wp","href":"https:\/\/api.w.org\/{rel}","templated":true}]}}