{"id":27213,"date":"2012-11-07T18:32:42","date_gmt":"2012-11-07T18:32:42","guid":{"rendered":"https:\/\/obscom.intervozes.org.br\/wordpress\/?p=27213"},"modified":"2012-11-07T18:32:42","modified_gmt":"2012-11-07T18:32:42","slug":"anatel-se-empenha-na-perseguicao-as-radios-comunitarias","status":"publish","type":"post","link":"https:\/\/obscom.intervozes.org.br\/?p=27213","title":{"rendered":"Anatel se empenha na persegui\u00e7\u00e3o \u00e0s r\u00e1dios comunit\u00e1rias"},"content":{"rendered":"<p>Basta uma r&aacute;pida busca na internet sobre a rela&ccedil;&atilde;o da Ag&ecirc;ncia Nacional de Telecomunica&ccedil;&otilde;es (Anatel) com as r&aacute;dios comunit&aacute;rias para perceber o tamanho do problema. S&atilde;o recorrentes reclama&ccedil;&otilde;es de que a ag&ecirc;ncia tem &ldquo;reprimido&rdquo;, &ldquo;atacado&rdquo;, &ldquo;multado&rdquo; e &ldquo;fechado&rdquo; emissoras ao redor do pa&iacute;s. O uso da for&ccedil;a contra iniciativas de grupos que buscam um espa&ccedil;o no espectro eletr&ocirc;nico, que acreditam poder p&ocirc;r em pr&aacute;tica o seu direito de exercer a liberdade de express&atilde;o, mas que n&atilde;o se enquadram no sistema comercial das m&eacute;dias e grandes empresas de comunica&ccedil;&atilde;o parece ser comum.<\/p>\n<p>De acordo com Arthur William, representante da Associa&ccedil;&atilde;o Mundial de R&aacute;dios Comunit&aacute;rias (Amarc) no Brasil, &ldquo;a Anatel incorporou a funcionalidade do antigo Dentel e absorveu, em certa medida, tamb&eacute;m sua mentalidade, agindo muitas vezes como capataz do Minist&eacute;rio das Comunica&ccedil;&otilde;es, estando mais preocupado em fechar e perseguir as r&aacute;dios comunit&aacute;rias&rdquo;. <\/p>\n<p>Arthur ainda afirma que houve um processo de recrudescimento da repress&atilde;o por parte da Anatel, com maior n&uacute;mero de fechamentos durante o governo Lula do que na vig&ecirc;ncias dos governos de FHC.<\/p>\n<p>Atualmente, a Amarc Brasil tem orientado que os radialistas comunit&aacute;rios comuniquem a defensoria p&uacute;blica para impedir que a Anatel leve ilegalmente equipamentos da emissora. H&aacute; uma A&ccedil;&atilde;o Direta de Inconstitucionalidade (ADI 1668) contra o artigo 19 da lei 9.472\/97, questionando o direito da ag&ecirc;ncia de realizar buscas de transmissores em r&aacute;dios livre e comunit&aacute;rias, o que confere &agrave; apreens&atilde;o dos equipamentos tamb&eacute;m uma pr&aacute;tica irregular.<\/p>\n<p>Al&eacute;m disso, os comunicadores populares reclamam do fato de que a Anatel n&atilde;o t&ecirc;m se dedicado com o mesmo empenho &agrave; fiscaliza&ccedil;&atilde;o das emissoras privadas e das operadoras de telecomunica&ccedil;&otilde;es. A pr&oacute;pria inexist&ecirc;ncia de uma legisla&ccedil;&atilde;o espec&iacute;fica e atualizada, assim como de uma ag&ecirc;ncia reguladora que d&ecirc; conta da radiodifus&atilde;o comercial expressa esse tipo de tratamento privilegiado. <\/p>\n<p>&quot;Existem outros temas mais urgentes para cuidar, como esses das telecomunica&ccedil;&otilde;es, do que apreender r&aacute;dio que presta servi&ccedil;o &agrave; comunidade. Espera-se que a Anatel atenda os anseios da sociedade por fiscaliza&ccedil;&atilde;o dos servi&ccedil;os comerciais, como a telefonia e as emissoras privadas, e ajude no processo de legaliza&ccedil;&atilde;o das r&aacute;dios comunit&aacute;rias, oferecendo forma&ccedil;&atilde;o, capacita&ccedil;&atilde;o e parcerias, como previsto, em vez de implementar uma pol&iacute;tica proibitiva de persegui&ccedil;&atilde;o&rdquo;, afirma William.<\/p>\n","protected":false},"excerpt":{"rendered":"<p>Associa&ccedil;&atilde;o de apoio &agrave;s r&aacute;dios comunit&aacute;rias denuncia m&eacute;todos ilegais da Anatel para o fechamento das emissoras e aponta que ag&ecirc;ncia n&atilde;o teria o mesmo empenho na fiscaliza&ccedil;&atilde;o das empresas privadas e nas operadoras de telecomunica&ccedil;&otilde;es. <\/p>\n","protected":false},"author":1,"featured_media":0,"comment_status":"open","ping_status":"open","sticky":false,"template":"","format":"standard","meta":{"footnotes":""},"categories":[40],"tags":[1722],"_links":{"self":[{"href":"https:\/\/obscom.intervozes.org.br\/index.php?rest_route=\/wp\/v2\/posts\/27213"}],"collection":[{"href":"https:\/\/obscom.intervozes.org.br\/index.php?rest_route=\/wp\/v2\/posts"}],"about":[{"href":"https:\/\/obscom.intervozes.org.br\/index.php?rest_route=\/wp\/v2\/types\/post"}],"author":[{"embeddable":true,"href":"https:\/\/obscom.intervozes.org.br\/index.php?rest_route=\/wp\/v2\/users\/1"}],"replies":[{"embeddable":true,"href":"https:\/\/obscom.intervozes.org.br\/index.php?rest_route=%2Fwp%2Fv2%2Fcomments&post=27213"}],"version-history":[{"count":0,"href":"https:\/\/obscom.intervozes.org.br\/index.php?rest_route=\/wp\/v2\/posts\/27213\/revisions"}],"wp:attachment":[{"href":"https:\/\/obscom.intervozes.org.br\/index.php?rest_route=%2Fwp%2Fv2%2Fmedia&parent=27213"}],"wp:term":[{"taxonomy":"category","embeddable":true,"href":"https:\/\/obscom.intervozes.org.br\/index.php?rest_route=%2Fwp%2Fv2%2Fcategories&post=27213"},{"taxonomy":"post_tag","embeddable":true,"href":"https:\/\/obscom.intervozes.org.br\/index.php?rest_route=%2Fwp%2Fv2%2Ftags&post=27213"}],"curies":[{"name":"wp","href":"https:\/\/api.w.org\/{rel}","templated":true}]}}