{"id":27188,"date":"2012-10-25T20:54:40","date_gmt":"2012-10-25T20:54:40","guid":{"rendered":"https:\/\/obscom.intervozes.org.br\/wordpress\/?p=27188"},"modified":"2012-10-25T20:54:40","modified_gmt":"2012-10-25T20:54:40","slug":"comunicadores-do-sertao-baiano-reivindicam-politicas-locais-de-comunicacao","status":"publish","type":"post","link":"https:\/\/obscom.intervozes.org.br\/?p=27188","title":{"rendered":"Comunicadores do sert\u00e3o baiano reivindicam pol\u00edticas locais de comunica\u00e7\u00e3o"},"content":{"rendered":"<p class=\"padrao\">Ap&oacute;s a mobiliza&ccedil;&atilde;o da sociedade civil para realizar a 1&ordf; Confer&ecirc;ncia Nacional de Comunica&ccedil;&atilde;o (Confecom), em 2009, comunicadores do interior da Bahia resolveram continuar mobilizados em torno da pauta nos anos posteriores &agrave; Confecom. Para isto, criaram o F&oacute;rum de Comunica&ccedil;&atilde;o Sert&atilde;o do S&atilde;o Francisco, uma articula&ccedil;&atilde;o de entidades da sociedade civil que conta hoje com representa&ccedil;&atilde;o em oito dos 10 munic&iacute;pios baianos localizados na regi&atilde;o &ndash; entre elas ONGs, pastorais sociais, movimento estudantil, associa&ccedil;&otilde;es de moradores e r&aacute;dios comunit&aacute;rias.<\/p>\n<p>Neste ano de 2012, para marcar a semana de luta pela democratiza&ccedil;&atilde;o da comunica&ccedil;&atilde;o na regi&atilde;o, o F&oacute;rum realizou, em parceria com a Universidade Estadual da Bahia (Uneb) campus Juazeiro, o semin&aacute;rio &ldquo;Comunica&ccedil;&atilde;o pra qu&ecirc;? Por uma nova pauta no sert&atilde;o&rdquo;. No evento, que reuniu estudantes, educadores, profissionais da imprensa local e militantes de movimentos sociais para discutir o papel da comunica&ccedil;&atilde;o para o desenvolvimento do Semi&aacute;rido, o F&oacute;rum decidiu continuar atuando para a forma&ccedil;&atilde;o dos comunicadores locais e sensibiliza&ccedil;&atilde;o da sociedade para o tema, mas tamb&eacute;m resolveu incidir com mais intensidade junto aos governos locais e ao governo federal, por meio do n&uacute;cleo diretivo do territ&oacute;rio, na proposi&ccedil;&atilde;o e reivindica&ccedil;&atilde;o de pol&iacute;ticas p&uacute;blicas locais de comunica&ccedil;&atilde;o.<\/p>\n<p>De acordo com &Eacute;rica Daiane, representante do Coletivo Intervozes no F&oacute;rum, no in&iacute;cio de 2013, a articula&ccedil;&atilde;o, que elegeu uma nova secretaria-executiva na reuni&atilde;o do &uacute;ltimo dia 19 de outubro, far&aacute; uma reuni&atilde;o de planejamento onde ir&aacute; listar as prioridades de atua&ccedil;&atilde;o neste novo ano. &quot;Vamos listar as nossas prioridades, redefinir em que frentes atuaremos. Devemos manter o foco na forma&ccedil;&atilde;o de comunicadores populares, na sensibiliza&ccedil;&atilde;o da sociedade, mas como &eacute; um ano em que entrar&atilde;o novos mandat&aacute;rios nas prefeituras e nas c&acirc;maras de vereadores, devemos tamb&eacute;m atuar mais nesta linhas de propor pol&iacute;ticas locais de comunica&ccedil;&atilde;o&quot;, afirma &Eacute;rica.<\/p>\n<p>&quot;Outra linha na qual devemos intervir &eacute; dentro da estrutura de governo da pol&iacute;tica de desenvolvimento territorial do governo federal. N&atilde;o s&oacute; assessoria de comunica&ccedil;&atilde;o, mas tamb&eacute;m no que se refere &agrave; transpar&ecirc;ncia e pol&iacute;ticas de comunica&ccedil;&atilde;o para o territ&oacute;rio&quot;, completa a representante do Intervozes, que acrescenta ainda que, gra&ccedil;as &agrave; interven&ccedil;&atilde;o do F&oacute;rum, foi criada uma c&acirc;mara tem&aacute;tica de comunica&ccedil;&atilde;o na estrutura de gest&atilde;o do n&uacute;cleo diretivo do territ&oacute;rio, mas que pouco avan&ccedil;a por falta de prioridade e de recursos destinados &agrave; &aacute;rea. &ldquo;Mas vamos continuar acompanhando porque muitos projetos de comunica&ccedil;&atilde;o para regi&atilde;o, principalmente para os munic&iacute;pios menores, v&ecirc;m via territ&oacute;rio, como os infocentros e a telefonia rural&rdquo;, complementa.<\/p>\n<p>A estudante de jornalismo da Uneb e representante da R&aacute;dio Comunit&aacute;ria Cura&ccedil;&aacute; FM no F&oacute;rum, Dela&iacute;des Rodrigues, afirma que o F&oacute;rum &eacute; um espa&ccedil;o relevante e de grande ajuda para as r&aacute;dios comunit&aacute;rias da regi&atilde;o. &quot;S&atilde;o espa&ccedil;os de discuss&atilde;o, de constru&ccedil;&atilde;o coletiva, e tamb&eacute;m de forma&ccedil;&atilde;o&nbsp; para os radiocomunicadores. Essas experi&ecirc;ncias fazem com que a nossa r&aacute;dio continue com um car&aacute;ter comunit&aacute;rio e com que a gente acredite que podemos fazer uma outra comunica&ccedil;&atilde;o, que &eacute; essa comunica&ccedil;&atilde;o que a gente tanto deseja ver: democr&aacute;tica,&nbsp; que chega a todos&quot;, comenta Rodrigues. A estudante tamb&eacute;m critica a pouca inser&ccedil;&atilde;o da universidade na discuss&atilde;o acerca da democratiza&ccedil;&atilde;o da comunica&ccedil;&atilde;o. &ldquo;Eu j&aacute; venho de outra forma&ccedil;&atilde;o, das r&aacute;dios comunit&aacute;rias e de espa&ccedil;os como esse do F&oacute;rum, mas n&atilde;o vejo essa discuss&atilde;o sobre a democratiza&ccedil;&atilde;o da comunica&ccedil;&atilde;o na universidade&rdquo;, conclui a comunicadora.<\/p>\n<p><strong>Comunica&ccedil;&atilde;o pra qu&ecirc;? Por uma nova pauta no sert&atilde;o<br \/><\/strong><\/p>\n<p>Desde que foi criado, h&aacute; tr&ecirc;s anos, o F&oacute;rum de Comunica&ccedil;&atilde;o Sert&atilde;o do S&atilde;o Francisco realiza atividades regionais para marcar o Dia Nacional de Luta pela Democratiza&ccedil;&atilde;o da Comunica&ccedil;&atilde;o, 18 de outubro. Em 2010 foi realizado o Encontro Regional de R&aacute;dios Comunit&aacute;rias; em 2011, o F&oacute;rum realizou atividades descentralizadas nos munic&iacute;pios, com a exibi&ccedil;&atilde;o de filmes e discuss&otilde;es em pra&ccedil;a p&uacute;blica e nos bairros sobre o tema e, neste ano, o F&oacute;rum realizou o semin&aacute;rio &ldquo;Comunica&ccedil;&atilde;o pra qu&ecirc;? Por uma nova pauta no sert&atilde;o&rdquo;.<\/p>\n<p>O semin&aacute;rio contou com a contribui&ccedil;&atilde;o da pesquisadora Cicilia Peruzzo, refer&ecirc;ncia nacional nos estudos sobre comunica&ccedil;&atilde;o e transforma&ccedil;&atilde;o social, da integrante do Coletivo Intervozes Cec&iacute;lia Bizerra do comunicador popular Edisv&acirc;nio Nascimento, que contribui com o processo de Comunica&ccedil;&atilde;o para o Desenvolvimento na Regi&atilde;o Sisaleira da Bahia, al&eacute;m de representante do F&oacute;rum de Comunica&ccedil;&atilde;o Sert&atilde;o do S&atilde;o Francisco.<\/p>\n<p>Para a professora do curso de Comunica&ccedil;&atilde;o Social da Uneb Gislene Moreira, uma das respons&aacute;veis pela organiza&ccedil;&atilde;o do evento, &quot;discutir estes temas &eacute; uma necessidade, principalmente se estamos falando de sert&atilde;o, um lugar onde as estruturas de poder ainda s&atilde;o muito centralizadas, controladas. E n&atilde;o estou falando s&oacute; das estruturas locais, as estruturas nacionais s&atilde;o ainda mais pesadas. Quem nasce na zona rural n&atilde;o s&oacute; n&atilde;o se v&ecirc;, mas n&atilde;o se sente, n&atilde;o se percebe como sendo cidad&atilde;o brasileiro e a m&iacute;dia refor&ccedil;a isso&quot;, afirma Moreira. <\/p>\n","protected":false},"excerpt":{"rendered":"<p>O F&oacute;rum de Comunica&ccedil;&atilde;o Sert&atilde;o do S&atilde;o Francisco conta com representantes em oito das 10 cidades da regi&atilde;o<\/p>\n","protected":false},"author":1,"featured_media":0,"comment_status":"open","ping_status":"open","sticky":false,"template":"","format":"standard","meta":{"footnotes":""},"categories":[40],"tags":[830],"_links":{"self":[{"href":"https:\/\/obscom.intervozes.org.br\/index.php?rest_route=\/wp\/v2\/posts\/27188"}],"collection":[{"href":"https:\/\/obscom.intervozes.org.br\/index.php?rest_route=\/wp\/v2\/posts"}],"about":[{"href":"https:\/\/obscom.intervozes.org.br\/index.php?rest_route=\/wp\/v2\/types\/post"}],"author":[{"embeddable":true,"href":"https:\/\/obscom.intervozes.org.br\/index.php?rest_route=\/wp\/v2\/users\/1"}],"replies":[{"embeddable":true,"href":"https:\/\/obscom.intervozes.org.br\/index.php?rest_route=%2Fwp%2Fv2%2Fcomments&post=27188"}],"version-history":[{"count":0,"href":"https:\/\/obscom.intervozes.org.br\/index.php?rest_route=\/wp\/v2\/posts\/27188\/revisions"}],"wp:attachment":[{"href":"https:\/\/obscom.intervozes.org.br\/index.php?rest_route=%2Fwp%2Fv2%2Fmedia&parent=27188"}],"wp:term":[{"taxonomy":"category","embeddable":true,"href":"https:\/\/obscom.intervozes.org.br\/index.php?rest_route=%2Fwp%2Fv2%2Fcategories&post=27188"},{"taxonomy":"post_tag","embeddable":true,"href":"https:\/\/obscom.intervozes.org.br\/index.php?rest_route=%2Fwp%2Fv2%2Ftags&post=27188"}],"curies":[{"name":"wp","href":"https:\/\/api.w.org\/{rel}","templated":true}]}}