{"id":27187,"date":"2012-10-19T16:40:30","date_gmt":"2012-10-19T16:40:30","guid":{"rendered":"https:\/\/obscom.intervozes.org.br\/wordpress\/?p=27187"},"modified":"2012-10-19T16:40:30","modified_gmt":"2012-10-19T16:40:30","slug":"audiencia-publica-e-ato-marcam-o-18-de-outubro-em-brasilia","status":"publish","type":"post","link":"https:\/\/obscom.intervozes.org.br\/?p=27187","title":{"rendered":"Audi\u00eancia p\u00fablica e ato marcam o 18 de outubro em Bras\u00edlia"},"content":{"rendered":"<p class=\"padrao\">Neste 18 de outubro, mais uma vez movimentos sociais, entidades de classe e outras organiza&ccedil;&otilde;es da sociedade civil promoveram atividades em defesa da democratiza&ccedil;&atilde;o da comunica&ccedil;&atilde;o. Realizadas um dia ap&oacute;s o t&eacute;rmino da&nbsp;68&ordf; Assembleia Geral da Sociedade Interamericana de Imprensa (SIP), que ocorreu em S&atilde;o Paulo e propagou a vis&atilde;o do setor empresarial acerca das pol&iacute;ticas p&uacute;blicas para o setor, as a&ccedil;&otilde;es serviram para denunciar o real entrave &agrave; garantia da liberdade de express&atilde;o no Brasil: a concentra&ccedil;&atilde;o dos meios de comunica&ccedil;&atilde;o.<\/p>\n<p class=\"padrao\">&nbsp;<\/p>\n<p style=\"margin-bottom: 0cm\" class=\"padrao\">Logo pela manh&atilde;, uma audi&ecirc;ncia p&uacute;blica promovida pela Frente Parlamentar pela Liberdade de Express&atilde;o e Direito &agrave; Comunica&ccedil;&atilde;o com Participa&ccedil;&atilde;o Popular (Frentecom) foi palco do lan&ccedil;amento da campanha &ldquo;Para expressar a liberdade &ndash; uma nova lei para um novo tempo&rdquo;, a qual alerta a sociedade para a necessidade de serem estabelecidos mecanismos legais que garantam a pluralidade e a diversidade do povo brasileiro na m&iacute;dia.&nbsp;<\/p>\n<p>A coordenadora do F&oacute;rum Nacional pela Democratiza&ccedil;&atilde;o da Comunica&ccedil;&atilde;o (FNDC), Rosane Bertotti, destacou que a quebra do monop&oacute;lio dos meios &eacute; fundamental para a consolida&ccedil;&atilde;o da democracia. Para isso, ela cobrou do governo federal, mais uma vez, que revise as leis que regem o setor. &ldquo;N&atilde;o d&aacute; mais para aceitar que, neste momento da nossa democracia, n&atilde;o seja colocada uma consulta p&uacute;blica e seja instalado um novo marco regulat&oacute;rio&rdquo;, disse. <\/p>\n<p style=\"margin-bottom: 0cm\" class=\"padrao\">&nbsp;<\/p>\n<p style=\"margin-bottom: 0cm\" class=\"padrao\">Opini&atilde;o semelhante foi expressa pela deputada federal e coordenadora da Frentecom, Luiza Erundina (PSB-SP). Ao abrir os trabalhos da audi&ecirc;ncia, ela afirmou: &ldquo;O Congresso tem que ser pressionado e sensibilizado para que assuma e encaminhe as quest&otilde;es do novo marco, que foi fruto da Confecom [Confer&ecirc;ncia Nacional de Comunica&ccedil;&atilde;o]&rdquo;. A deputada destacou, ainda, o fato do C&oacute;digo Brasileiro de Telecomunica&ccedil;&atilde;o, de 1962, lei que ainda hoje rege o setor, estar obsoleto diante das mudan&ccedil;as pol&iacute;ticas, sociais e tecnol&oacute;gicas, o que refor&ccedil;a a necessidade de uma nova legisla&ccedil;&atilde;o. Erundina lembrou os avan&ccedil;os nos marcos legais de pa&iacute;ses da Am&eacute;rica Latina, como Argentina e Equador, nos quais os governos &ldquo;entenderam que &eacute; necess&aacute;rio garantir a liberdade de express&atilde;o para todos, pois sem isso os avan&ccedil;os n&atilde;o se consolidar&atilde;o nem as suas democracias estar&atilde;o consolidadas&rdquo;.<\/p>\n<p style=\"margin-bottom: 0cm\" class=\"western\">&nbsp;<\/p>\n<p style=\"margin-bottom: 0cm\" class=\"western\"><span class=\"padrao\">O deputado Jean Willys (PSOL-RJ) afirmou que, de todas as reformas necess&aacute;rias, a da comunica&ccedil;&atilde;o &eacute; a mais importante, pois as pessoas se informam quase que exclusivamente por meio da televis&atilde;o. Para ele, o conte&uacute;do veiculado pela TV n&atilde;o tem servido para educar: &ldquo;Estamos vendo a subloca&ccedil;&atilde;o de espa&ccedil;os para fundamentalistas religiosos, que se utilizam deles para ofender a dignidade da popula&ccedil;&atilde;o LGBT e do povo de santo&rdquo;.&nbsp;J&aacute; o secret&aacute;rio de Pol&iacute;ticas Culturais do Minist&eacute;rio da Cultura (MinC), S&eacute;rgio Mamberti, reivindicou o legado da confer&ecirc;ncia como norteador das pol&iacute;ticas que devem ser promovidas, mas criticou o que chamou de &ldquo;timidez&rdquo; do Governo Federal na abordagem da comunica&ccedil;&atilde;o.<\/span><\/p>\n<p style=\"margin-bottom: 0cm\" class=\"padrao\">&nbsp;<\/p>\n<p style=\"margin-bottom: 0cm\" class=\"padrao\">A aus&ecirc;ncia de representantes do Minist&eacute;rio das Comunica&ccedil;&otilde;es e da Secretaria-Geral da Presid&ecirc;ncia da Rep&uacute;blica, que haviam sido convidados para a audi&ecirc;ncia, foi criticada pelos presentes. O secret&aacute;rio-geral do Sindicato dos Jornalistas do Distrito Federal, Jonas Valente, disse ser &ldquo;inadmiss&iacute;vel que o Governo Federal n&atilde;o esteja representado aqui, enquanto o ministro das Comunica&ccedil;&otilde;es, Paulo Bernardo, foi chamado de &#39;homem do ano&#39; pelo setor empresarial&rdquo;. A coordenadora do Bar&atilde;o de Itarar&eacute;, Renato Mielli, refor&ccedil;ou a cobran&ccedil;a ao afirmar que &ldquo;n&oacute;s precisamos fazer com que o governo perceba, de uma vez por todas, que &eacute; preciso abrir o debate sobre essa pauta na sociedade brasileira&rdquo;.<\/p>\n<p style=\"margin-bottom: 0cm\" class=\"padrao\">&nbsp;<\/p>\n<p style=\"margin-bottom: 0cm\" class=\"padrao\">Os setores que sofrem diretamente os impactos da exclus&atilde;o das distintas vozes que comp&otilde;em a sociedade, tais como mulheres, sem terra, jovens e negros, reclamaram da criminaliza&ccedil;&atilde;o empreendida, dia a dia, pelos meios de comunica&ccedil;&atilde;o hegem&ocirc;nicos. Integrante da Marcha das Mulheres Camponesas e da Via Campesina, Ros&acirc;ngela Provesan acredita que os grupos que controlam os meios de comunica&ccedil;&atilde;o subsidiam a&ccedil;&otilde;es de criminaliza&ccedil;&atilde;o dos movimentos sociais. <\/p>\n<p style=\"margin-bottom: 0cm\" class=\"padrao\">&nbsp;<\/p>\n<p style=\"margin-bottom: 0cm\" class=\"padrao\">Na audi&ecirc;ncia, tamb&eacute;m foram abordados outros temas. Os participantes defenderam o direito &agrave; banda larga; a democratiza&ccedil;&atilde;o das verbas publicit&aacute;rias governamentais que, hoje, servem para sustentar as tradicionais corpora&ccedil;&otilde;es midi&aacute;ticas; a participa&ccedil;&atilde;o da sociedade nas defini&ccedil;&otilde;es das pol&iacute;ticas p&uacute;blicas, em especial sobre o r&aacute;dio digital, cujos modelos propostos e a metodologia de discuss&atilde;o deles n&atilde;o agradam &agrave;s organiza&ccedil;&otilde;es da sociedade civil.<\/p>\n<p style=\"margin-bottom: 0cm\" class=\"padrao\">Ap&oacute;s o evento no Congresso Nacional, os presentes dirigiram-se para a frente do Minist&eacute;rio das Comunica&ccedil;&otilde;es. L&aacute; fincaram placas denunciando a concentra&ccedil;&atilde;o dos meios e a falta de express&atilde;o da diversidade regional caracter&iacute;stica do Brasil, bem como defendendo o fortalecimento do sistema p&uacute;blico de comunica&ccedil;&atilde;o e o fim do monop&oacute;lio dos meios. &Agrave; noite, a luta foi comemorada com uma atividade cultural conduzida por Chico C&eacute;sar.<\/p>\n<p style=\"margin-bottom: 0cm\" class=\"western\">&nbsp;<\/p>\n<p><span class=\"padrao\"><\/p>\n<p style=\"margin-bottom: 0cm\" class=\"western\"><em><strong>Servi&ccedil;o:<\/strong><\/em><\/p>\n<p style=\"margin-bottom: 0cm\" class=\"western\"><em>Quer saber mais sobre a campanha &ldquo;Para expressar a liberdade&rdquo;? Acesse:&nbsp;<a href=\"http:\/\/www.paraexpressaraliberdade.org.br\/\" target=\"_blank\">paraexpressaraliberdade.org.br<\/a>&nbsp;e conhe&ccedil;a as propostas e as entidades que est&atilde;o na luta por uma comunica&ccedil;&atilde;o democr&aacute;tica. &nbsp;<\/em><\/p>\n<p><\/span><\/p>\n","protected":false},"excerpt":{"rendered":"<p>Organiza&ccedil;&otilde;es da sociedade civil e parlamentares aproveitaram o&nbsp;Dia Nacional da Democratiza&ccedil;&atilde;o da Comunica&ccedil;&atilde;o para cobrar o novo marco regulat&oacute;rio<\/p>\n","protected":false},"author":1,"featured_media":0,"comment_status":"open","ping_status":"open","sticky":false,"template":"","format":"standard","meta":{"footnotes":""},"categories":[40],"tags":[830],"_links":{"self":[{"href":"https:\/\/obscom.intervozes.org.br\/index.php?rest_route=\/wp\/v2\/posts\/27187"}],"collection":[{"href":"https:\/\/obscom.intervozes.org.br\/index.php?rest_route=\/wp\/v2\/posts"}],"about":[{"href":"https:\/\/obscom.intervozes.org.br\/index.php?rest_route=\/wp\/v2\/types\/post"}],"author":[{"embeddable":true,"href":"https:\/\/obscom.intervozes.org.br\/index.php?rest_route=\/wp\/v2\/users\/1"}],"replies":[{"embeddable":true,"href":"https:\/\/obscom.intervozes.org.br\/index.php?rest_route=%2Fwp%2Fv2%2Fcomments&post=27187"}],"version-history":[{"count":0,"href":"https:\/\/obscom.intervozes.org.br\/index.php?rest_route=\/wp\/v2\/posts\/27187\/revisions"}],"wp:attachment":[{"href":"https:\/\/obscom.intervozes.org.br\/index.php?rest_route=%2Fwp%2Fv2%2Fmedia&parent=27187"}],"wp:term":[{"taxonomy":"category","embeddable":true,"href":"https:\/\/obscom.intervozes.org.br\/index.php?rest_route=%2Fwp%2Fv2%2Fcategories&post=27187"},{"taxonomy":"post_tag","embeddable":true,"href":"https:\/\/obscom.intervozes.org.br\/index.php?rest_route=%2Fwp%2Fv2%2Ftags&post=27187"}],"curies":[{"name":"wp","href":"https:\/\/api.w.org\/{rel}","templated":true}]}}