{"id":27184,"date":"2012-10-15T13:24:29","date_gmt":"2012-10-15T13:24:29","guid":{"rendered":"https:\/\/obscom.intervozes.org.br\/wordpress\/?p=27184"},"modified":"2012-10-15T13:24:29","modified_gmt":"2012-10-15T13:24:29","slug":"democratizacao-da-comunicacao-e-eufemismo-para-censura","status":"publish","type":"post","link":"https:\/\/obscom.intervozes.org.br\/?p=27184","title":{"rendered":"\u201cDemocratiza\u00e7\u00e3o da comunica\u00e7\u00e3o \u00e9 eufemismo para censura\u201d"},"content":{"rendered":"<p>Neste domingo (14), teve in&iacute;cio na 68 Assembl&eacute;ia Geral da SIP (Sociedade Interamericana de Imprensa) a apresenta&ccedil;&atilde;o dos relat&oacute;rios por pa&iacute;s da Comiss&atilde;o de Liberdade de Imprensa e Informa&ccedil;&atilde;o da organiza&ccedil;&atilde;o. O informe brasileiro foi apresentado pela superintendente da Folha da S.Paulo e ex-presidente da Associa&ccedil;&atilde;o Nacional dos Jornais, Judith Brito. O relat&oacute;rio alertou para o aumento de assassinatos de jornalistas no exerc&iacute;cio da profiss&atilde;o no pa&iacute;s e destacou as amea&ccedil;as sofridas pelo rep&oacute;rter da Folha Andr&eacute; Caramante, perseguido pelo ex-comandante da ROTA e agora vereador eleito de S&atilde;o Paulo pelo PSDB, Coronel Telhada. No in&iacute;cio do m&ecirc;s, Caramante deixou o pa&iacute;s com a fam&iacute;lia por raz&otilde;es de seguran&ccedil;a.<\/p>\n<p>Ao t&eacute;rmino da apresenta&ccedil;&atilde;o, o presidente do Comit&ecirc; Anfitri&atilde;o da Assembl&eacute;ia da SIP, Julio C&eacute;sar Mesquita, diretor de O Estado de S.Paulo, sugeriu um acr&eacute;scimo ao informe:<\/p>\n<p>&ldquo;Acho que voc&ecirc; deveria incluir no informe uma quest&atilde;o que aparece na entrevista que a Folha publicou com o irm&atilde;o do Geno&iacute;no, falando em nome do PT, que, passadas as elei&ccedil;&otilde;es, eles v&atilde;o come&ccedil;ar novamente com aquela amea&ccedil;a sobre como tratar a legisla&ccedil;&atilde;o da imprensa. Na entrevista ele diz que o PT vai partir para o Congresso para estabelecer regras de funcionamento para a imprensa independente. Acho que isso n&atilde;o pode ficar de fora do informe brasileiro&rdquo;, aconselhou Julio Mesquita.<\/p>\n<p>Judith Brito concordou: &ldquo;O pa&iacute;s vive um momento hist&oacute;rico, com o julgamento pelo STF do caso do mensal&atilde;o. &Eacute; um divisor de &aacute;guas no pa&iacute;s, a sociedade brasileira est&aacute; acompanhando atentamente este fato e a puni&ccedil;&atilde;o da corrup&ccedil;&atilde;o por altas autoridades do partido que estava no governo &eacute; um fato extraordin&aacute;rio dentro do processo de democratiza&ccedil;&atilde;o do pa&iacute;s. As institui&ccedil;&otilde;es est&atilde;o se fortalecendo. Este epis&oacute;dio, do irm&atilde;o do Geno&iacute;no, s&oacute; mostra uma rea&ccedil;&atilde;o. E nossas associa&ccedil;&otilde;es devem ficar atentas. Vivemos uma tentativa recente de democratiza&ccedil;&atilde;o da comunica&ccedil;&atilde;o, que &eacute; sempre um eufemismo para censura. Mas temos sabido reagir &agrave; altura. Os organismos de imprensa, as entidades de defesa da democracia, o Judici&aacute;rio tem se fortalecido. Mas temos que ficar atentos&rdquo;.<\/p>\n<p>&ldquo;As declara&ccedil;&otilde;es de todos eles culpam a press&atilde;o midi&aacute;tica. &Eacute; o velho discurso. Eles n&atilde;o desistem e v&atilde;o vir pra cima da gente. O objetivo deles &eacute; o que vimos na Argentina e que eles est&atilde;o espalhando para o continente todo&rdquo;, sentenciou Julio Mesquita.<\/p>\n<p>Na avalia&ccedil;&atilde;o do Grupo RBS, afiliado da Rede Globo na regi&atilde;o Sul, a &ldquo;amea&ccedil;a de um novo marco regulat&oacute;rio sempre acontece, coincidentemente, ap&oacute;s uma cobertura mais intensa da imprensa contra o governo&rdquo;. Para Alexandre Jobim, da RBS, quando o governo &eacute; muito criticado em fun&ccedil;&atilde;o de julgamentos de corrup&ccedil;&atilde;o de seus quadros, &ldquo;vem a desculpa de que h&aacute; abuso nos meios de comunica&ccedil;&atilde;o e vem a velada amea&ccedil;a de retalia&ccedil;&atilde;o&rdquo;.<\/p>\n<p>O diretor de conte&uacute;do do grupo Estado e tamb&eacute;m do Comit&ecirc; Editorial da ANJ, Ricardo Gandour acrescentou uma tarefa aos meios de comunica&ccedil;&atilde;o neste cen&aacute;rio &ldquo;perigoso&rdquo;.<\/p>\n<p>&ldquo;Frequentemente a sociedade pode vir a ter a percep&ccedil;&atilde;o equivocada de que se trata apenas de uma luta setorial da imprensa, enquanto o que est&aacute; em jogo &eacute; o conceito de liberdade mais ampla. Junto com a liberdade de express&atilde;o est&aacute; a liberdade de empreender, de se associar, de debater. Junto com um Estado investidor na informa&ccedil;&atilde;o estatal pode vir o Estado monopolizador de setores, investidor excessivo em alguns mercados, excessivamente presente na economia e na sociedade. Temos que mostrar para a sociedade que n&atilde;o se trata apenas de luta da imprensa, mas de um valor maior que &eacute; do interesse de todos&rdquo;, afirmou.<\/p>\n<p><strong>&ldquo;Postura amb&iacute;gua&rdquo;<\/strong><\/p>\n<p>Para o Diretor do Departamento de Comunica&ccedil;&atilde;o do Instituto Internacional de Ci&ecirc;ncias Sociais e professor da Universidade de Navarra, na Espanha, Carlos Alberto Di Franco, o governo Lula adotou e Dilma agora tem adotado uma postura amb&iacute;gua em rela&ccedil;&atilde;o &agrave; liberdade de imprensa. Segundo o jornalista, conhecido por suas rela&ccedil;&otilde;es com a Opus Dei no pa&iacute;s, apesar da Presidenta fazer um discurso de repeito &agrave; democracia, &ldquo;ela n&atilde;o condena, em nenhum momento, invocando a autodetermina&ccedil;&atilde;o dos povos, a a&ccedil;&atilde;o de governos contr&aacute;rios &agrave; liberdade de express&atilde;o, como a Venezuela, a Argentina e o Equador. Mantem um sil&ecirc;ncio absoluto&rdquo;.<\/p>\n<p>Para Di Franco, no plano interno, a ambiguidade tamb&eacute;m se manifesta. &ldquo;Enquanto mant&eacute;m um discurso positivo em defesa da liberdade de express&atilde;o, assistimos a tentativas preocupantes de limita&ccedil;&atilde;o dessa liberdade&rdquo;, afirmou.<\/p>\n<p>O professor citou ent&atilde;o o anteprojeto de lei, elaborado na primeira gest&atilde;o do governo Lula, para criar a Ag&ecirc;ncia Nacional de Audiovisual (Ancinav), que queria &ldquo;controlar a produ&ccedil;&atilde;o cinematogr&aacute;fica&rdquo;. Depois, a tentativa de criar o Conselho Federal de Jornalismo, para orientar e fiscalizar a atividade jornal&iacute;stica no pa&iacute;s.<\/p>\n<p>&ldquo;E o terceiro, mais impressionante, foi o Plano Nacional de Direitos Humanos, o PNDH-3, que reduzia o papel do Congresso Nacional, desqualificava o Poder Judici&aacute;rio, agredia a propriedade privada e sugeria o controle dos meios de comunica&ccedil;&atilde;o&rdquo;, relatou.<\/p>\n<p>Na leitura do representante do jornal O Globo, Alu&iacute;zio Maranh&atilde;o, &ldquo;h&aacute; um projeto de controle da m&iacute;dia motivado por governos bolivarianos que, no Brasil, passa por iniciativas como Confer&ecirc;ncias de Comunica&ccedil;&atilde;o com sindicalistas e apresenta&ccedil;&atilde;o de projetos de lei para aprovar novas leis de meios&rdquo;.<\/p>\n<p>Para Di Franco, tudo isso n&atilde;o prosperou em raz&atilde;o &ldquo;da solidez das institui&ccedil;&otilde;es do pa&iacute;s&rdquo;, como o Legislativo, &ldquo;que retrata o rosto da sociedade brasileira, tolerante e amante das liberdades individuais&rdquo;, e o Judici&aacute;rio, que est&aacute; dando &ldquo;um magn&iacute;fico exemplo na firme atua&ccedil;&atilde;o do STF&rdquo;. E tamb&eacute;m em fun&ccedil;&atilde;o do &ldquo;grande prest&iacute;gio social&rdquo; da imprensa brasileira.<\/p>\n<p>&ldquo;O ant&iacute;doto para as iniciativas autorit&aacute;rias est&aacute; no fortalecimento da imprensa. O poder est&aacute; nos jornais. A forma&ccedil;&atilde;o da opini&atilde;o p&uacute;blica, a agenda p&uacute;blica &eacute; pautada pelos jornais. E neste continente os jornais tem um poder imenso. A TV e as m&iacute;dias sociais reverberam, mas o poder est&aacute; nos jornais&rdquo;, afirmou. &ldquo;Quando um jornal &eacute; amea&ccedil;ado, &eacute; uma amea&ccedil;a para todos n&oacute;s. E a melhor defesa dos direitos humanos passa por um jornalismo de alta qualidade t&eacute;cnica e &eacute;tica, equilibrado, sem radicalismos, com poucos adjetivos e que aposta na contund&ecirc;ncia da mat&eacute;ria apurada e no vigor dos fatos apurados&rdquo;, descreveu Di Franco. Para ele, este &eacute; o retrato do jornalismo brasileiro.<\/p>\n<p><em><strong>Confira a cobertura da Ag&ecirc;ncia Carta Maior na Assembleia da SIP:<\/strong><\/p>\n<p>&#8211; SIP elege Argentina e Equador como alvos principais <br \/>http:\/\/www.cartamaior.com.br\/templates\/materiaMostrar.cfm?materia_id=21076<\/p>\n<p>&#8211; Regina Duarte pede liberdade de imprensa absoluta e Judith Brito exalta m&iacute;dia no &#39;mensal&atilde;o&#39;<br \/>http:\/\/www.cartamaior.com.br\/templates\/materiaMostrar.cfm?materia_id=21068<br \/><\/em><\/p>\n","protected":false},"excerpt":{"rendered":"<p>Durante apresenta&ccedil;&atilde;o do relat&oacute;rio sobre o Brasil, na Assembleia da  Sociedade Interamericana de Imprensa (SIP), dirigentes da Folha de S.  Paulo e Estad&atilde;o criticaram a necessidade de um novo marco regulat&oacute;rio  para o pa&iacute;s.<\/p>\n","protected":false},"author":1,"featured_media":0,"comment_status":"open","ping_status":"open","sticky":false,"template":"","format":"standard","meta":{"footnotes":""},"categories":[40],"tags":[1719],"_links":{"self":[{"href":"https:\/\/obscom.intervozes.org.br\/index.php?rest_route=\/wp\/v2\/posts\/27184"}],"collection":[{"href":"https:\/\/obscom.intervozes.org.br\/index.php?rest_route=\/wp\/v2\/posts"}],"about":[{"href":"https:\/\/obscom.intervozes.org.br\/index.php?rest_route=\/wp\/v2\/types\/post"}],"author":[{"embeddable":true,"href":"https:\/\/obscom.intervozes.org.br\/index.php?rest_route=\/wp\/v2\/users\/1"}],"replies":[{"embeddable":true,"href":"https:\/\/obscom.intervozes.org.br\/index.php?rest_route=%2Fwp%2Fv2%2Fcomments&post=27184"}],"version-history":[{"count":0,"href":"https:\/\/obscom.intervozes.org.br\/index.php?rest_route=\/wp\/v2\/posts\/27184\/revisions"}],"wp:attachment":[{"href":"https:\/\/obscom.intervozes.org.br\/index.php?rest_route=%2Fwp%2Fv2%2Fmedia&parent=27184"}],"wp:term":[{"taxonomy":"category","embeddable":true,"href":"https:\/\/obscom.intervozes.org.br\/index.php?rest_route=%2Fwp%2Fv2%2Fcategories&post=27184"},{"taxonomy":"post_tag","embeddable":true,"href":"https:\/\/obscom.intervozes.org.br\/index.php?rest_route=%2Fwp%2Fv2%2Ftags&post=27184"}],"curies":[{"name":"wp","href":"https:\/\/api.w.org\/{rel}","templated":true}]}}