{"id":27180,"date":"2012-10-10T19:42:07","date_gmt":"2012-10-10T19:42:07","guid":{"rendered":"https:\/\/obscom.intervozes.org.br\/wordpress\/?p=27180"},"modified":"2012-10-10T19:42:07","modified_gmt":"2012-10-10T19:42:07","slug":"adolescentes-e-jovens-se-reunem-em-todo-o-brasil-pela-democratizacao-da-comunicacao","status":"publish","type":"post","link":"https:\/\/obscom.intervozes.org.br\/?p=27180","title":{"rendered":"Adolescentes e jovens se re\u00fanem em todo o Brasil pela democratiza\u00e7\u00e3o da comunica\u00e7\u00e3o"},"content":{"rendered":"<p>No dia 17 de outubro adolescentes e jovens em mais de 15 cidades brasileiras, nas cinco regi&otilde;es do pa&iacute;s, v&atilde;o soltar a voz pela democratiza&ccedil;&atilde;o da comunica&ccedil;&atilde;o no DIA &ldquo;C&rdquo; &ndash; Dia da Juventude Comunicativa. A ideia, encabe&ccedil;ada pela Rede Nacional de Adolescentes e Jovens Comunicador@s &ndash; RENAJOC, &eacute; chamar a aten&ccedil;&atilde;o para a necessidade de mudan&ccedil;as no atual C&oacute;digo Brasileiro de Telecomunica&ccedil;&otilde;es, que em agosto completou 50 anos carregando consigo um hist&oacute;rico de concentra&ccedil;&atilde;o dos meios de comunica&ccedil;&atilde;o nas m&atilde;os de pouqu&iacute;ssimos grupos privados, que juntos comandam mais de 600 meios de comunica&ccedil;&atilde;o no pa&iacute;s.<\/p>\n<p>A RENAJOC entende que esse dom&iacute;nio dos meios de comuni&ccedil;&atilde;o por grupos privados comandados por fam&iacute;lias ricas e poderosas ferem a liberdade de express&atilde;o e especialmente o acesso de adolescentes e jovens &agrave; informa&ccedil;&atilde;o e &agrave; participa&ccedil;&atilde;o na produ&ccedil;&atilde;o da comunica&ccedil;&atilde;o no pa&iacute;s. Por isso, al&eacute;m de usarem o DIA &ldquo;C&rdquo; para falar desse assunto nas redes sociais, com hasdhtag #peloDiretoaComunicacao, os integrantes da RENAJOC v&atilde;o realizar oficinas e interven&ccedil;&otilde;es urbanas nas suas cidades.<\/p>\n<p>Em Fortaleza, por exemplo, com o apoio da organiza&ccedil;&atilde;o Catavento, jovens v&atilde;o ocupar uma pra&ccedil;a p&uacute;blica fazendo talkshows e dando oficinas de r&aacute;dio com a tem&aacute;tica &ldquo;democratiza&ccedil;&atilde;o da comunica&ccedil;&atilde;o&rdquo;. J&aacute; em Natal e em Bras&iacute;lia, coletivos jovens v&atilde;o organizar Confer&ecirc;ncias Livres sobre Direito &agrave; Comunica&ccedil;&atilde;o e criar propostas de pol&iacute;ticas que contemplem a participa&ccedil;&atilde;o da juventude na produ&ccedil;&atilde;o das informa&ccedil;&otilde;es. Na cidade de S&atilde;o Mateus, no Esp&iacute;rito Santo, a pra&ccedil;a da cidade vai ser tomada por oficinas de fanzine, jornal mural, desenho, fotografia e interven&ccedil;&otilde;es de grafite. Em S&atilde;o Paulo e Rio de Janeiro, adolescentes e jovens v&atilde;o promover interven&ccedil;&otilde;es urbanas por ruas movimentadas das capitais.<\/p>\n<p>Esses s&atilde;o apenas alguns exemplos das a&ccedil;&otilde;es, que ser&atilde;o relatadas ao longo do dia 17 no blog da RENAJOC &ndash; renajoc.org.br &ndash; e nas redes sociais da Rede e de seus parceiros. O DIA &ldquo;C&rdquo; conta com o apoio da ONG Vira&ccedil;&atilde;o Educomunica&ccedil;&atilde;o, do Fundo das Na&ccedil;&otilde;es Unidas para a Inf&acirc;ncia &ndash; UNICEF, a Funda&ccedil;&atilde;o Friedrich Ebert Stiftung &ndash; FES e a Funda&ccedil;&atilde;o Luterana de Diaconia.<br \/><strong><br \/>#paraexpressaraliberdade<br \/><\/strong><br \/>Ap&oacute;s o DIA &ldquo;C&rdquo;, os adolescentes e jovens da RENAJOC continuam suas mensagens junto com a campanha &ldquo;Para expressar a liberdade &ndash; uma nova lei para um novo tempo&rdquo;. Organizada por dezenas de entidades civis que atuam na &aacute;rea de comunica&ccedil;&atilde;o e liberdade de express&atilde;o, a campanha prop&otilde;e cobrar uma nova legisla&ccedil;&atilde;o brasileira para a comunica&ccedil;&atilde;o, contemplando a participa&ccedil;&atilde;o da sociedade e a diversidade de grupos que atuam na produ&ccedil;&atilde;o dos conte&uacute;dos.<\/p>\n<p>Ao longo do dia a campanha vai realizar um twita&ccedil;o com a hashtag #paraexpressaraliberdade e algumas a&ccedil;&otilde;es v&atilde;o acontecer pelo pa&iacute;s, dando continuidade &agrave; mensagem do DIA &ldquo;C&rdquo;, cobrando a democratiza&ccedil;&atilde;o dos meios de comunica&ccedil;&atilde;o e a liberdade de express&atilde;o. Mais informa&ccedil;&otilde;es no site: www.paraexpressaraliberdade.org.br<\/p>\n","protected":false},"excerpt":{"rendered":"<p>No dia 17 de outubro, rede de jovens comunicadores organizam o &quot; Dia C&rdquo; com diversas atividades que ir&atilde;o discutir o protagonismo juvenil e o direito &agrave; comunica&ccedil;&atilde;o em todo pa&iacute;s<\/p>\n","protected":false},"author":1,"featured_media":0,"comment_status":"open","ping_status":"open","sticky":false,"template":"","format":"standard","meta":{"footnotes":""},"categories":[40],"tags":[830],"_links":{"self":[{"href":"https:\/\/obscom.intervozes.org.br\/index.php?rest_route=\/wp\/v2\/posts\/27180"}],"collection":[{"href":"https:\/\/obscom.intervozes.org.br\/index.php?rest_route=\/wp\/v2\/posts"}],"about":[{"href":"https:\/\/obscom.intervozes.org.br\/index.php?rest_route=\/wp\/v2\/types\/post"}],"author":[{"embeddable":true,"href":"https:\/\/obscom.intervozes.org.br\/index.php?rest_route=\/wp\/v2\/users\/1"}],"replies":[{"embeddable":true,"href":"https:\/\/obscom.intervozes.org.br\/index.php?rest_route=%2Fwp%2Fv2%2Fcomments&post=27180"}],"version-history":[{"count":0,"href":"https:\/\/obscom.intervozes.org.br\/index.php?rest_route=\/wp\/v2\/posts\/27180\/revisions"}],"wp:attachment":[{"href":"https:\/\/obscom.intervozes.org.br\/index.php?rest_route=%2Fwp%2Fv2%2Fmedia&parent=27180"}],"wp:term":[{"taxonomy":"category","embeddable":true,"href":"https:\/\/obscom.intervozes.org.br\/index.php?rest_route=%2Fwp%2Fv2%2Fcategories&post=27180"},{"taxonomy":"post_tag","embeddable":true,"href":"https:\/\/obscom.intervozes.org.br\/index.php?rest_route=%2Fwp%2Fv2%2Ftags&post=27180"}],"curies":[{"name":"wp","href":"https:\/\/api.w.org\/{rel}","templated":true}]}}