{"id":27177,"date":"2012-10-10T19:03:26","date_gmt":"2012-10-10T19:03:26","guid":{"rendered":"https:\/\/obscom.intervozes.org.br\/wordpress\/?p=27177"},"modified":"2012-10-10T19:03:26","modified_gmt":"2012-10-10T19:03:26","slug":"anatel-anuncia-reestruturacao-para-a-fiscalizacao-de-grandes-eventos","status":"publish","type":"post","link":"https:\/\/obscom.intervozes.org.br\/?p=27177","title":{"rendered":"Anatel anuncia reestrutura\u00e7\u00e3o para a fiscaliza\u00e7\u00e3o de grandes eventos"},"content":{"rendered":"<p>A Anatel passa por uma reestrutura&ccedil;&atilde;o para aumentar seu papel de fiscaliza&ccedil;&atilde;o e melhorar o processo administrativo principalmente no setor de compras, com vistas aos grandes eventos que o Brasil vai sediar como Copa das Confedera&ccedil;&otilde;es, Copa do Mundo e Olimp&iacute;adas, anunciou Jo&atilde;o Baptista Rezende, presidente da ag&ecirc;ncia, em sua palestra nesta ter&ccedil;a-feira (9), na Futurecom, feira de telecomunica&ccedil;&otilde;es que acontece no Riocentro, na Zona Oeste do Rio.<\/p>\n<p>&ldquo;Temos que dar conta dos investimentos. Somente este ano o governo colocou R$ 40 milh&otilde;es &agrave; disposi&ccedil;&atilde;o da ag&ecirc;ncia, e no ano que vem ser&atilde;o R$ 100 milh&otilde;es. Temos que realizar compras e estamos trabalhando de forma acelerada nisso. Temos que ter compet&ecirc;ncia para gastar&rdquo;, disse.<\/p>\n<p>Outra meta da reestrutura&ccedil;&atilde;o da ag&ecirc;ncia, segundo Rezende, visa a aumentar sua transpar&ecirc;ncia e &ldquo;dar um passo decisivo em dire&ccedil;&atilde;o &agrave; converg&ecirc;ncia tecnol&oacute;gica&rdquo;, disse Rezende.<\/p>\n<p>&ldquo;Hoje as empresas oferecem mais de um produto em seus portf&oacute;lios, num cen&aacute;rio bem diferente daquele da &eacute;poca em que a ag&ecirc;ncia foi criada, em 1999&rdquo;, explicou.<\/p>\n<p>Rezende pretende come&ccedil;ar a trabalhar com um novo paradigma de moderniza&ccedil;&atilde;o, a partir de fevereiro ou mar&ccedil;o de 2013.<\/p>\n<p>&ldquo;Queremos mais efici&ecirc;ncia da ag&ecirc;ncia e coer&ecirc;ncia em suas decis&otilde;es. A reestrutura&ccedil;&atilde;o est&aacute; na reta final. A ag&ecirc;ncia precisa pensar a converg&ecirc;ncia tecnol&oacute;gica como um todo. N&atilde;o d&aacute; para ter dentro da ag&ecirc;ncia servi&ccedil;os estanques e superintend&ecirc;ncias que n&atilde;o se comunicam com as outras&rdquo;, declarou.<\/p>\n<p><strong>Elogios do TSE<\/strong><\/p>\n<p>Rezende ressaltou que recebeu uma liga&ccedil;&atilde;o da presidente do Tribunal Superior Eleitoral, ministra Carmen L&uacute;cia, elogiando o setor de telecom, que atendeu &agrave;s quest&otilde;es que surgiram antes e depois do processo eleitoral de domingo (7).<\/p>\n<p>&ldquo;Temos condi&ccedil;&atilde;o de manter a qualidade que o usu&aacute;rio pede&rdquo;, disse Rezende.<\/p>\n<p>O presidente da Anatel disse que o leil&atilde;o do 4G foi importante e teve saldo positivo, fazendo o Brasil caminhar ao lado de outros pa&iacute;ses que buscam o 4G.<\/p>\n<p>&ldquo;O Brasil n&atilde;o pode ficar aqu&eacute;m do processo. N&atilde;o estamos atrasados nem adiantados, estamos em compatibilidade com demais pa&iacute;ses&rdquo;, disse.<\/p>\n<p>Rezende insistiu na necessidade de compartilhamento de infraestrutura no setor, principalmente de antenas, que obede&ccedil;am a crit&eacute;rios ambientais e est&eacute;ticos, e conclamou as empresas de TV por assinatura a investirem em seus call centers.<\/p>\n<p>&ldquo;O setor est&aacute; estagnado h&aacute; 12 anos enquanto que por ano s&atilde;o mais tr&ecirc;s milh&otilde;es de novos assinantes. Em 2020, 80% das resid&ecirc;ncias ter&atilde;o TV com assinatura, o que &eacute; bom para o conte&uacute;do nacional, para os investimentos em infraestrutura, e para o faturamento do mercado&rdquo;, disse, ressaltando que o investimento em call centers &eacute; importante para atender &agrave; demanda crescente dos clientes.<\/p>\n<p><strong>Telefonica<\/strong><\/p>\n<p>J&aacute; o presidente da Telefonica\/Vivo, Antonio Carlos Valente da Silva, anunciou a TV por fibra &oacute;tica (IPTV) em parceria com a Microsoft<\/p>\n<p>&ldquo;Teremos um servi&ccedil;o de televis&atilde;o com uma quantidade enorme de benef&iacute;cios, sem limite de acesso a conte&uacute;do&rdquo;, disse.<\/p>\n<p>Ele lembrou que a empresa na &aacute;rea de TI inaugurou o maior data center da Am&eacute;rica do Sul e um dos maiores da Am&eacute;rica Latina, numa edifica&ccedil;&atilde;o sustent&aacute;vel capaz de atender a todas as plataformas nos pr&oacute;ximos dez anos pelo menos.<\/p>\n<p>O executivo ressaltou que a empresa n&atilde;o est&aacute; mais em rankings de Procon e tem a sua pr&oacute;pria aferi&ccedil;&atilde;o de qualidade.<\/p>\n<p>&ldquo;Depois que fizemos a mudan&ccedil;a de marca em fevereiro, notamos melhoria grande de satisfa&ccedil;&atilde;o do cliente&rdquo;, disse.<\/p>\n","protected":false},"excerpt":{"rendered":"<p>A Anatel passa por uma reestrutura&ccedil;&atilde;o para aumentar seu papel de fiscaliza&ccedil;&atilde;o e melhorar o processo administrativo principalmente no setor de compras, com vistas aos grandes eventos que o Brasil vai sediar como Copa das Confedera&ccedil;&otilde;es, Copa do Mundo e Olimp&iacute;adas, anunciou Jo&atilde;o Baptista Rezende, presidente da ag&ecirc;ncia, em sua palestra nesta ter&ccedil;a-feira (9), na &hellip; <a href=\"https:\/\/obscom.intervozes.org.br\/?p=27177\" class=\"more-link\">Continue lendo <span class=\"screen-reader-text\">Anatel anuncia reestrutura\u00e7\u00e3o para a fiscaliza\u00e7\u00e3o de grandes eventos<\/span> <span class=\"meta-nav\">&rarr;<\/span><\/a><\/p>\n","protected":false},"author":1,"featured_media":0,"comment_status":"open","ping_status":"open","sticky":false,"template":"","format":"standard","meta":{"footnotes":""},"categories":[40],"tags":[366],"_links":{"self":[{"href":"https:\/\/obscom.intervozes.org.br\/index.php?rest_route=\/wp\/v2\/posts\/27177"}],"collection":[{"href":"https:\/\/obscom.intervozes.org.br\/index.php?rest_route=\/wp\/v2\/posts"}],"about":[{"href":"https:\/\/obscom.intervozes.org.br\/index.php?rest_route=\/wp\/v2\/types\/post"}],"author":[{"embeddable":true,"href":"https:\/\/obscom.intervozes.org.br\/index.php?rest_route=\/wp\/v2\/users\/1"}],"replies":[{"embeddable":true,"href":"https:\/\/obscom.intervozes.org.br\/index.php?rest_route=%2Fwp%2Fv2%2Fcomments&post=27177"}],"version-history":[{"count":0,"href":"https:\/\/obscom.intervozes.org.br\/index.php?rest_route=\/wp\/v2\/posts\/27177\/revisions"}],"wp:attachment":[{"href":"https:\/\/obscom.intervozes.org.br\/index.php?rest_route=%2Fwp%2Fv2%2Fmedia&parent=27177"}],"wp:term":[{"taxonomy":"category","embeddable":true,"href":"https:\/\/obscom.intervozes.org.br\/index.php?rest_route=%2Fwp%2Fv2%2Fcategories&post=27177"},{"taxonomy":"post_tag","embeddable":true,"href":"https:\/\/obscom.intervozes.org.br\/index.php?rest_route=%2Fwp%2Fv2%2Ftags&post=27177"}],"curies":[{"name":"wp","href":"https:\/\/api.w.org\/{rel}","templated":true}]}}