{"id":27163,"date":"2012-10-02T17:02:05","date_gmt":"2012-10-02T17:02:05","guid":{"rendered":"https:\/\/obscom.intervozes.org.br\/wordpress\/?p=27163"},"modified":"2012-10-02T17:02:05","modified_gmt":"2012-10-02T17:02:05","slug":"empresarios-querem-reduzir-atribuicoes-do-conselho-de-comunicacao","status":"publish","type":"post","link":"https:\/\/obscom.intervozes.org.br\/?p=27163","title":{"rendered":"Empres\u00e1rios querem reduzir atribui\u00e7\u00f5es do Conselho de Comunica\u00e7\u00e3o"},"content":{"rendered":"<p>J&aacute; na terceira reuni&atilde;o do Conselho de Comunica&ccedil;&atilde;o Social (CCS), que fora empossado em agosto, veio &agrave; tona proposta de reduzir o escopo de atua&ccedil;&atilde;o do &oacute;rg&atilde;o. Apresentada pelo vice-presidente jur&iacute;dico e de rela&ccedil;&otilde;es governamentais do Grupo RBS e representante das empresas de imprensa escrita no CCS, Alexandre Jobim, a altera&ccedil;&atilde;o regimental sugere a retirada do trecho do regimento interno do CCS que estabelece que os integrantes, o poder executivo e a sociedade civil possuem legitimidade &quot;para provocar a manifesta&ccedil;&atilde;o do Conselho sobre os temas de sua compet&ecirc;ncia&quot;. Com isso, Jobim defendeu que o Conselho de Comunica&ccedil;&atilde;o Social tenha suas compet&ecirc;ncias e atribui&ccedil;&otilde;es reduzidas, sendo pautado exclusivamente pelo Poder Legislativo.<\/p>\n<p>&ldquo;A Constitui&ccedil;&atilde;o Federal estabeleceu que o Congresso Nacional iria editar uma lei de cria&ccedil;&atilde;o e funcionamento do Conselho. O Congresso fez essa lei, que atribuiu ao Conselho a fun&ccedil;&atilde;o de atuar como &oacute;rg&atilde;o auxiliar quando provocado pelo Congresso Nacional&rdquo;, defendeu Jobim. A tese, contudo, recebeu obje&ccedil;&otilde;es. O ex-ministro da Cultura e conselheiro representando a sociedade civil, Juca Ferreira, explicou que &ldquo;se aceitarmos a modifica&ccedil;&atilde;o da proposta no regimento, vamos transformar o Conselho em assessoria, o que restringir&aacute; bastante a contribui&ccedil;&atilde;o que o Conselho poder&aacute; dar ao Congresso Nacional&rdquo;. Para ele, ao contr&aacute;rio de reduzir a participa&ccedil;&atilde;o da sociedade civil no &oacute;rg&atilde;o, deveriam ser criados mecanismos de amplia&ccedil;&atilde;o dessa interven&ccedil;&atilde;o. &ldquo;No mundo inteiro, esses conselhos foram criados para facilitar a participa&ccedil;&atilde;o dos diversos segmentos da sociedade. Isso enriquece o Congresso&rdquo;, afirmou Juca.<\/p>\n<p>Tamb&eacute;m o relator da proposta, Miguel Can&ccedil;ado, diretor-tesoureiro do Conselho Federal da Ordem dos Advogados do Brasil (OAB) e tamb&eacute;m conselheiro pela sociedade civil, concordou que este n&atilde;o seria o momento adequado para alterar fun&ccedil;&otilde;es do CCS, tendo em vista a nova gest&atilde;o estar apenas em sua &ldquo;arrancada final&rdquo;. Al&eacute;m disso, Can&ccedil;ado argumentou que caberia apenas aos deputados e senadores fazer esse tipo de mudan&ccedil;a no funcionamento do colegiado. Diante do impasse, o presidente do Conselho Nacional de Autorregulamenta&ccedil;&atilde;o Publicit&aacute;ria e diretor de Rela&ccedil;&otilde;es com o Mercado da Rede Globo, Gilberto Leifert, que representa as empresas de televis&atilde;o no &oacute;rg&atilde;o, pediu vistas do processo, adiando, com isso, a vota&ccedil;&atilde;o da proposta para a pr&oacute;xima reuni&atilde;o, prevista para novembro.<\/p>\n<p><strong>Comiss&otilde;es<\/strong><\/p>\n<p>Al&eacute;m da discuss&atilde;o sobre o car&aacute;ter do &oacute;rg&atilde;o, os conselheiros aprovaram a cria&ccedil;&atilde;o de comiss&otilde;es para analisar as regulamenta&ccedil;&atilde;o da lei que criou a Empresa Brasil de Comunica&ccedil;&atilde;o (EBC), bem como as implica&ccedil;&otilde;es legais decorrentes da nova lei que regula o servi&ccedil;o de TV por assinatura em rela&ccedil;&atilde;o as atribui&ccedil;&otilde;es da Ag&ecirc;ncia Nacional do Cinema (Ancine) e da Ag&ecirc;ncia Nacional de Telecomunica&ccedil;&otilde;es (Anatel). O representante das empresas de r&aacute;dio no CCS e vice-presidente do Grupo Bandeirantes, o conselheiro Walter Ceneviva defendeu que as comiss&otilde;es priorizem a an&aacute;lise dessas leis: &ldquo;A nossa demora pode implicar que as recomenda&ccedil;&otilde;es e proposi&ccedil;&otilde;es do conselho encontrem fato consumado&rdquo;. <\/p>\n<p><strong>Propostas legislativas<\/strong><\/p>\n<p>Ainda ontem, o conselheiro Alexandre Jobim apresentou o que chamou de &quot;triagem&quot; das proposi&ccedil;&otilde;es legislativas sobre comunica&ccedil;&atilde;o, que tramitam no Congresso Nacional. O relat&oacute;rio est&aacute; organizado em seis dimens&otilde;es: Liberdade de manifesta&ccedil;&atilde;o de pensamento, da cria&ccedil;&atilde;o, da express&atilde;o e da informa&ccedil;&atilde;o; Conte&uacute;do, produ&ccedil;&atilde;o e programa&ccedil;&atilde;o; Publicidade e Propaganda; Divers&otilde;es e espet&aacute;culos p&uacute;blico, Classifica&ccedil;&atilde;o Indicativa; Propriedade dos meios de comunica&ccedil;&atilde;o social, compet&ecirc;ncias e procedimentos de outorga; outros temas correlatos. Ao total, s&atilde;o 176 proposi&ccedil;&otilde;es, que dever&atilde;o ser debatidas na pr&oacute;xima reuni&atilde;o, a qual dever&aacute; estabelecer uma agenda pol&iacute;tica para o CCS. <\/p>\n","protected":false},"excerpt":{"rendered":"<p>Na terceira reuni&atilde;o do Conselho de Comunica&ccedil;&atilde;o Social, o represenante das empresas de imprensa escrita prop&ocirc;s altera&ccedil;&atilde;o  regimental para que a sociedade n&atilde;o possa provocar a manifesta&ccedil;&atilde;o do Conselho para temas de sua compet&ecirc;ncia.<\/p>\n","protected":false},"author":1,"featured_media":0,"comment_status":"open","ping_status":"open","sticky":false,"template":"","format":"standard","meta":{"footnotes":""},"categories":[40],"tags":[268],"_links":{"self":[{"href":"https:\/\/obscom.intervozes.org.br\/index.php?rest_route=\/wp\/v2\/posts\/27163"}],"collection":[{"href":"https:\/\/obscom.intervozes.org.br\/index.php?rest_route=\/wp\/v2\/posts"}],"about":[{"href":"https:\/\/obscom.intervozes.org.br\/index.php?rest_route=\/wp\/v2\/types\/post"}],"author":[{"embeddable":true,"href":"https:\/\/obscom.intervozes.org.br\/index.php?rest_route=\/wp\/v2\/users\/1"}],"replies":[{"embeddable":true,"href":"https:\/\/obscom.intervozes.org.br\/index.php?rest_route=%2Fwp%2Fv2%2Fcomments&post=27163"}],"version-history":[{"count":0,"href":"https:\/\/obscom.intervozes.org.br\/index.php?rest_route=\/wp\/v2\/posts\/27163\/revisions"}],"wp:attachment":[{"href":"https:\/\/obscom.intervozes.org.br\/index.php?rest_route=%2Fwp%2Fv2%2Fmedia&parent=27163"}],"wp:term":[{"taxonomy":"category","embeddable":true,"href":"https:\/\/obscom.intervozes.org.br\/index.php?rest_route=%2Fwp%2Fv2%2Fcategories&post=27163"},{"taxonomy":"post_tag","embeddable":true,"href":"https:\/\/obscom.intervozes.org.br\/index.php?rest_route=%2Fwp%2Fv2%2Ftags&post=27163"}],"curies":[{"name":"wp","href":"https:\/\/api.w.org\/{rel}","templated":true}]}}