{"id":27162,"date":"2012-09-28T15:33:59","date_gmt":"2012-09-28T15:33:59","guid":{"rendered":"https:\/\/obscom.intervozes.org.br\/wordpress\/?p=27162"},"modified":"2012-09-28T15:33:59","modified_gmt":"2012-09-28T15:33:59","slug":"movimentos-querem-compromisso-de-candidatos-com-a-democratizacao-da-comunicacao","status":"publish","type":"post","link":"https:\/\/obscom.intervozes.org.br\/?p=27162","title":{"rendered":"Movimentos querem compromisso de candidatos com a democratiza\u00e7\u00e3o da comunica\u00e7\u00e3o"},"content":{"rendered":"<p>Mudan&ccedil;as na legisla&ccedil;&atilde;o de r&aacute;dios comunit&aacute;rias, regulamenta&ccedil;&atilde;o da publicidade dirigida a crian&ccedil;as, implementa&ccedil;&atilde;o de metas de qualidade para a banda larga, ado&ccedil;&atilde;o de cotas regionais, &eacute;tnicas ou raciais para a programa&ccedil;&atilde;o televisiva, transpar&ecirc;ncia nos processos de outorga de concess&otilde;es do espectro eletromagn&eacute;tico. Boa parte das bandeiras hist&oacute;ricas dos movimentos que lutam pelo direito &agrave; comunica&ccedil;&atilde;o no Brasil dependem necessariamente de uma disputa em n&iacute;vel nacional. Trata-se de pol&iacute;ticas que, por for&ccedil;a da Constitui&ccedil;&atilde;o, precisam ser discutidas pelo poder p&uacute;blico federal e nela concentram-se as atividades de campanhas como a &ldquo;Para Expressar a Liberdade&rdquo;, que re&uacute;ne dezenas de entidades do Brasil inteiro que prop&otilde;em um novo marco regulat&oacute;rio para a comunica&ccedil;&atilde;o no Brasil. Mas em um per&iacute;odo em que munic&iacute;pios do pa&iacute;s inteiro discutem quem ser&atilde;o seus prefeitos e vereadores, a sociedade civil alerta: existem muitas iniciativas que podem ser realizadas no &acirc;mbito local.<\/p>\n<p>&ldquo;N&atilde;o bastar&aacute; mudar a legisla&ccedil;&atilde;o nacional se, nas cidades, onde vivem as pessoas, o sistema de comunica&ccedil;&atilde;o n&atilde;o for plural, democr&aacute;tico e participativo. Vale lembrar tamb&eacute;m que, mesmo enquanto o pa&iacute;s discute um novo marco para o setor, no &acirc;mbito local os prefeitos e vereadores j&aacute; podem come&ccedil;ar a transformar essa realidade&rdquo;. Quem avisa &eacute; Bia Barbosa, integrante do Intervozes e da Frente Paulista pelo Direito &agrave; Comunica&ccedil;&atilde;o e Liberdade de Express&atilde;o (Frentex-SP), articula&ccedil;&atilde;o que re&uacute;ne mais de 60 entidades, coletivos e redes do estado. O grupo construiu uma plataforma com propostas concretas de pol&iacute;ticas que podem ser implementadas nos munic&iacute;pios e convidou os candidatos &agrave; ades&atilde;o.<\/p>\n<p>Entre as 15 propostas paulistanas est&atilde;o a oferta de banda larga em espa&ccedil;os p&uacute;blicos, apoio a r&aacute;dios comunit&aacute;rias e a transpar&ecirc;ncia na destina&ccedil;&atilde;o da verba publicit&aacute;ria do Executivo municipal. Todos os candidatos &agrave; Prefeitura de S&atilde;o Paulo, assim como os candidatos &agrave; C&acirc;mara Municipal, receberam o documento por meio dos diret&oacute;rios municipais dos partidos e\/ou de seus comit&ecirc;s de campanha. Trinta pleiteantes de cinco partidos a uma vaga na C&acirc;mara dos Vereadores j&aacute; assumiram seu compromisso com o documento.<\/p>\n<p>A&ccedil;&otilde;es semelhantes foram realizadas em Pernambuco, Rio de Janeiro, Sergipe e Paran&aacute;. A partir de um documento formulado conjuntamente, articula&ccedil;&otilde;es nesses estados v&ecirc;m procurando ades&otilde;es tanto nas capitais quanto no interior.<\/p>\n<p>N&atilde;o &eacute; surpreendente que a maior parte das plataformas apresenta propostas semelhantes. Afinal de contas, muitas delas j&aacute; tinham sido constru&iacute;das nos &uacute;ltimos anos, seja no processo da I Confer&ecirc;ncia Nacional de Comunica&ccedil;&atilde;o, em 2009, seja nos debates que sucederam a Confecom e que deram origem aos que hoje s&atilde;o os vinte pontos sugeridos pela sociedade civil para o novo Marco Regulat&oacute;rio da Comunica&ccedil;&atilde;o.<\/p>\n<p>Participa&ccedil;&atilde;o social; descentraliza&ccedil;&atilde;o das verbas p&uacute;blicas; apoio e fomento &agrave; comunica&ccedil;&atilde;o independente, popular e comunit&aacute;ria; transpar&ecirc;ncia e democratiza&ccedil;&atilde;o da gest&atilde;o; educomunica&ccedil;&atilde;o para a cidadania; implementa&ccedil;&atilde;o da nova Lei do Acesso &agrave; Informa&ccedil;&atilde;o; realiza&ccedil;&atilde;o de concurso p&uacute;blico para profissionais de comunica&ccedil;&atilde;o que atuam nas prefeituras. Em sua maior parte, propostas que fogem da regra geral hoje em dia, em que a pol&iacute;tica p&uacute;blica de comunica&ccedil;&atilde;o confunde-se com a pol&iacute;tica de comunica&ccedil;&atilde;o da gest&atilde;o &ndash; ou do gestor.<\/p>\n<p>&ldquo;Procuramos pontos gen&eacute;ricos, que pudessem encaixar-se em todos os planos de governo. Focamos nas quest&otilde;es centrais defendidas pelos movimentos em todo o pa&iacute;s, como a cria&ccedil;&atilde;o dos conselhos municipais de comunica&ccedil;&atilde;o&rdquo;, diz Douglas Moreira, da Ciranda Central de Not&iacute;cias dos Direitos da Inf&acirc;ncia e da Adolesc&ecirc;ncia do Paran&aacute;, integrante da Frente Paranaense para o Direito &agrave; Comunica&ccedil;&atilde;o e Liberdade de Express&atilde;o. O documento elaborado pela Frentex-PR tem 16 pontos e j&aacute; foi subscrito por quatro candidatos &agrave; prefeitura &ndash; Alzimara Bacellar (PPL), Avanison Araujo (PSTU), Bruno Meirinho (PSOL) e Rafael Greca (PMDB). Catorze candidatos a vereador, de sete partidos diferentes, tamb&eacute;m assinaram a plataforma.<\/p>\n<p>Em Aracaju, a Plataforma para uma Comunica&ccedil;&atilde;o Democr&aacute;tica teve a ades&atilde;o de seis pretensos vereadores de seis partidos e de apenas uma candidata &agrave; prefeitura: Vera L&uacute;cia (Frente de Esquerda &ndash; PSOL\/PSTU\/PCB). Vera, por sinal, convidou as entidades respons&aacute;veis pela plataforma a participar da constru&ccedil;&atilde;o de quadros sobre Cultura e Comunica&ccedil;&atilde;o dentro do programa eleitoral gratuito na televis&atilde;o.<\/p>\n<p>&quot;Mesmo com a ades&atilde;o de poucas candidaturas, a nossa avalia&ccedil;&atilde;o &eacute; de que foi extremamente positivo lan&ccedil;ar o documento, visto que se h&aacute; um tema que quase n&atilde;o aparece nas campanhas eleitorais municipais &eacute; a comunica&ccedil;&atilde;o. Por isso, foi uma atitude ousada convocar os candidatos a se posicionar sobre um tema ainda tabu e ainda carente de pol&iacute;ticas em n&iacute;vel local&quot;, avalia Paulo Victor Melo, do Intervozes.<\/p>\n<p>Embora a maior parte das propostas de todas as articula&ccedil;&otilde;es sirvam para qualquer munic&iacute;pio do Brasil, alguns t&oacute;picos s&atilde;o bem espec&iacute;ficos do lugar em que foram formulados. Os ativistas da Frente Ampla pela Liberdade de Express&atilde;o e Direito &agrave; Comunica&ccedil;&atilde;o do Rio de Janeiro (Fale-Rio), por exemplo, demandam uma democratiza&ccedil;&atilde;o da Multirio &ndash; Empresa Municipal de Multimeios. Querem seus produtos &ldquo;n&atilde;o circunscritos a uma tarefa de educa&ccedil;&atilde;o formal, mas dialogando com as necessidades reais da popula&ccedil;&atilde;o, de produ&ccedil;&atilde;o e distribui&ccedil;&atilde;o de conte&uacute;dos, no sentido mais amplo de uma educa&ccedil;&atilde;o para a cidadania&rdquo;, como informa o documento que at&eacute; agora foi assinado por dois candidatos a vereador no Rio de Janeiro e um em Niter&oacute;i.<\/p>\n<p>Para os recifenses, uma quase &ldquo;quest&atilde;o de honra&rdquo; &eacute; a implementa&ccedil;&atilde;o da R&aacute;dio Frei Caneca. Ve&iacute;culo de comunica&ccedil;&atilde;o p&uacute;blica cuja cria&ccedil;&atilde;o foi autorizada por lei em 1960 e que jamais entrou no ar, a emissora &eacute; quase uma lenda que circula no ramo da comunica&ccedil;&atilde;o pernambucana. Nos &uacute;ltimos doze anos, os prefeitos petistas Jo&atilde;o Paulo e Jo&atilde;o da Costa tentaram, sem sucesso, tirar a r&aacute;dio do papel. Na maior parte do tempo, o principal problema era a dificuldade em se obter uma concess&atilde;o &ndash; que foi outorgada em 2011 &ndash; e logo suspensa por uma falha t&eacute;cnica no projeto. &ldquo;O Minist&eacute;rio das Comunica&ccedil;&otilde;es n&atilde;o repassou para prefeitura de forma correta os dados da Anatel no que diz respeito &agrave; localiza&ccedil;&atilde;o da antena. O minist&eacute;rio reconheceu que induziu a prefeitura ao erro, mas manteve a &#39;suspens&atilde;o&#39;. Propusemos, ent&atilde;o, enviar um novo projeto t&eacute;cnico, acompanhado de um estudo que mostra que essa localiza&ccedil;&atilde;o n&atilde;o se choca com qualquer outro sinal&rdquo;, explica o jornalista Renato L, secret&aacute;rio municipal de Cultura at&eacute; o in&iacute;cio deste ano.<\/p>\n<p>O fato curioso &eacute; que, nessas elei&ccedil;&otilde;es, 100% dos sete candidatos &agrave; prefeitura do Recife, do PSTU ao DEM, j&aacute; anunciaram em reuni&otilde;es e entrevistas que t&ecirc;m na Frei Caneca uma de suas prioridades no campo da Comunica&ccedil;&atilde;o e Cultura. Para Raquel Lasalvia, do F&oacute;rum Pernambucano de Comunica&ccedil;&atilde;o, ainda n&atilde;o d&aacute; pra comemorar. &ldquo;Como, historicamente, as gest&otilde;es da Prefeitura do Recife nunca priorizaram a formula&ccedil;&atilde;o e implanta&ccedil;&atilde;o de pol&iacute;ticas de comunica&ccedil;&atilde;o, fica dif&iacute;cil acreditar que eles realmente priorizam colocar a Frei Caneca no ar. Parece mais promessa de campanha para garantir o voto de um determinado segmento, no caso o movimento da cultura. De qualquer forma, vamos procurar quem for eleito para lembrar o compromisso assumido&rdquo;.<\/p>\n<p>Ali&aacute;s, subscrevendo ou n&atilde;o os documentos elaborados pelos movimentos da comunica&ccedil;&atilde;o, &eacute; certo que os novos prefeitos\/as e vereadores\/as ser&atilde;o cobrados da mesma forma. &ldquo;A mobiliza&ccedil;&atilde;o vai continuar. Ap&oacute;s as elei&ccedil;&otilde;es, vamos tentar uma a&ccedil;&atilde;o, um di&aacute;logo, fazer visitas aos novos gestores e legisladores para propor novamente, caso ainda n&atilde;o conhe&ccedil;am nossa plataforma&rdquo;, avisa o paranaense Douglas Moreira.<\/p>\n<p>Conhe&ccedil;a as plataformas:<\/p>\n<p><a href=\"http:\/\/www.ombudspe.org.br\/canal-aberto\/o-direito-humano-a-comunicacao-e-as-eleicoes-municipais-propostas-e-compromissos-para-candidatos-em-2012\/\">Carta do Fopecom (Pernambuco)<\/a> <\/p>\n<p><a href=\"http:\/\/falerio.blogspot.com.br\/p\/plataforma-eleitoral.html\">Plataforma do Fale-RIO<\/a>  <\/p>\n<p><a href=\"http:\/\/blog.soylocoporti.org.br\/2012\/09\/13\/plataforma-do-direito-a-comunicacao-para-as-eleicoes-municipais-de-curitiba-em-2012\/\">Plataforma da Frentex-PR <\/a><\/p>\n<p><a href=\"http:\/\/comunicacaosindicalsergipe.files.wordpress.com\/2012\/08\/plataforma-para-uma-comunicac3a7c3a3o-democrc3a1tica-em-aracaju.pdf\">Plataforma Aracaju<\/a> <\/p>\n<p><a href=\"http:\/\/gabrielmedina13.com.br\/wp-content\/uploads\/2012\/08\/Plataforma-Frentex-eleicoes-2012-versao-atualizada-1.pdf\">S&atilde;o Paulo<\/a> <\/p>\n","protected":false},"excerpt":{"rendered":"<p>Em &eacute;poca de elei&ccedil;&otilde;es municipais, movimentos da comunica&ccedil;&atilde;o focam na promo&ccedil;&atilde;o de pol&iacute;ticas locais em Aracaju, S&atilde;o Paulo, Rio de Janeiro, Curitba e Recife<\/p>\n","protected":false},"author":1,"featured_media":0,"comment_status":"open","ping_status":"open","sticky":false,"template":"","format":"standard","meta":{"footnotes":""},"categories":[40],"tags":[1716],"_links":{"self":[{"href":"https:\/\/obscom.intervozes.org.br\/index.php?rest_route=\/wp\/v2\/posts\/27162"}],"collection":[{"href":"https:\/\/obscom.intervozes.org.br\/index.php?rest_route=\/wp\/v2\/posts"}],"about":[{"href":"https:\/\/obscom.intervozes.org.br\/index.php?rest_route=\/wp\/v2\/types\/post"}],"author":[{"embeddable":true,"href":"https:\/\/obscom.intervozes.org.br\/index.php?rest_route=\/wp\/v2\/users\/1"}],"replies":[{"embeddable":true,"href":"https:\/\/obscom.intervozes.org.br\/index.php?rest_route=%2Fwp%2Fv2%2Fcomments&post=27162"}],"version-history":[{"count":0,"href":"https:\/\/obscom.intervozes.org.br\/index.php?rest_route=\/wp\/v2\/posts\/27162\/revisions"}],"wp:attachment":[{"href":"https:\/\/obscom.intervozes.org.br\/index.php?rest_route=%2Fwp%2Fv2%2Fmedia&parent=27162"}],"wp:term":[{"taxonomy":"category","embeddable":true,"href":"https:\/\/obscom.intervozes.org.br\/index.php?rest_route=%2Fwp%2Fv2%2Fcategories&post=27162"},{"taxonomy":"post_tag","embeddable":true,"href":"https:\/\/obscom.intervozes.org.br\/index.php?rest_route=%2Fwp%2Fv2%2Ftags&post=27162"}],"curies":[{"name":"wp","href":"https:\/\/api.w.org\/{rel}","templated":true}]}}