{"id":27157,"date":"2012-09-27T19:32:11","date_gmt":"2012-09-27T19:32:11","guid":{"rendered":"https:\/\/obscom.intervozes.org.br\/wordpress\/?p=27157"},"modified":"2012-09-27T19:32:11","modified_gmt":"2012-09-27T19:32:11","slug":"paulo-bernardo-diz-que-nao-ha-previsao-de-inicio-para-a-consulta-publica-do-marco-regulatorio","status":"publish","type":"post","link":"https:\/\/obscom.intervozes.org.br\/?p=27157","title":{"rendered":"Paulo Bernardo diz que n\u00e3o h\u00e1 previs\u00e3o de in\u00edcio para a consulta p\u00fablica do marco regulat\u00f3rio"},"content":{"rendered":"<p>De acordo com not&iacute;cia da Folha de S. Paulo nesta quinta (27), a assessoria do ministro das Comunica&ccedil;&otilde;es Paulo Bernardo informou que n&atilde;o h&aacute; previs&atilde;o para iniciar a consulta p&uacute;blica sobre o projeto de marco regulat&oacute;rio de m&iacute;dia. Bernardo negou que esteja recebendo press&atilde;o do PT para acelerar a proposta de regulamenta&ccedil;&atilde;o envolvendo r&aacute;dio e TV. Nesta semana, o F&oacute;rum Nacional pela Democratiza&ccedil;&atilde;o das Comunica&ccedil;&otilde;es (FNDC) protocolar&aacute; pedido de audi&ecirc;ncia da coordena&ccedil;&atilde;o da campanha Para Expressar a Liberdade com a Presid&ecirc;ncia da Rep&uacute;blica.<\/p>\n<p>O jornal informa que a resposta do ministro ocorreu ap&oacute;s a veicula&ccedil;&atilde;o de um v&iacute;deo no site do PT em que o deputado Jos&eacute; Guimar&atilde;es (PT-CE) diz que o partido retomar&aacute; o debate sobre a regulamenta&ccedil;&atilde;o da m&iacute;dia ap&oacute;s as elei&ccedil;&otilde;es.<\/p>\n<p>O novo marco, de acordo com o ministro das Comunica&ccedil;&otilde;es, n&atilde;o atingiria jornais e revistas nem o conte&uacute;do produzido pelas empresas de comunica&ccedil;&atilde;o.<\/p>\n<p>A Folha destaca ainda a reuni&atilde;o do Conselho de Comunica&ccedil;&atilde;o Social do Congresso de segunda-feira (01), que deve colocar em pauta o marco regulat&oacute;rio.<\/p>\n<p><strong>Marco Regulat&oacute;rio das Comunica&ccedil;&otilde;es<br \/><\/strong><br \/>Em busca da democratiza&ccedil;&atilde;o da comunica&ccedil;&atilde;o no pa&iacute;s, dezenas de entidades do movimento social realizam desde setembro a campanha Para Expressar a Liberdade, que defende a implementa&ccedil;&atilde;o imediata de um novo marco regulat&oacute;rio das Comunica&ccedil;&otilde;es.<\/p>\n<p>O objetivo &eacute; garantir o direito &agrave; informa&ccedil;&atilde;o e &agrave; liberdade de express&atilde;o a todos, com diversidade e pluralidade, reconhecendo e afirmando o car&aacute;ter p&uacute;blico de toda comunica&ccedil;&atilde;o social. A campanha debate a urg&ecirc;ncia da ado&ccedil;&atilde;o de medidas de regula&ccedil;&atilde;o democr&aacute;tica sobre a estrutura do sistema de comunica&ccedil;&otilde;es, a propriedade dos meios e os conte&uacute;dos veiculados.<\/p>\n<p>O povo brasileiro aguarda, desde o in&iacute;cio do governo da presidenta Dilma Rousseff, o lan&ccedil;amento da consulta p&uacute;blica sobre o projeto do marco regulat&oacute;rio, elaborado pela equipe do governo Lula a partir de estudo das resolu&ccedil;&otilde;es da I Confer&ecirc;ncia Nacional de Comunica&ccedil;&atilde;o, em 2009. No entanto, o Governo ainda n&atilde;o tornou p&uacute;blica sua proposta de revis&atilde;o geral da legisla&ccedil;&atilde;o, e nenhum debate p&uacute;blico foi estabelecido. Desde o in&iacute;cio de 2011, o governo informa que o projeto do marco regulat&oacute;rio est&aacute; das comunica&ccedil;&otilde;es est&aacute; sob an&aacute;lise.<\/p>\n<p><strong>Audi&ecirc;ncia com a presidenta<\/strong><\/p>\n<p>Nesta semana, o F&oacute;rum Nacional pela Democratiza&ccedil;&atilde;o das Comunica&ccedil;&otilde;es (FNDC) ir&aacute; protocolar o pedido de audi&ecirc;ncia da coordena&ccedil;&atilde;o da campanha Para Expressar a Liberdade com a presidenta para apresentar as propostas da campanha e dialogar sobre o processo de constru&ccedil;&atilde;o de um novo marco regulat&oacute;rio para o setor das comunica&ccedil;&otilde;es.<\/p>\n","protected":false},"excerpt":{"rendered":"<p>De acordo com a Folha, o ministro das Comunica&ccedil;&otilde;es disse que n&atilde;o h&aacute;  previs&atilde;o para a consulta e negou que esteja recebendo press&atilde;o para  acelerar a proposta de regulamenta&ccedil;&atilde;o envolvendo r&aacute;dio e TV. Nesta  semana, a campanha pelo marco pede audi&ecirc;ncia com Dilma.<\/p>\n","protected":false},"author":1,"featured_media":0,"comment_status":"open","ping_status":"open","sticky":false,"template":"","format":"standard","meta":{"footnotes":""},"categories":[40],"tags":[1712],"_links":{"self":[{"href":"https:\/\/obscom.intervozes.org.br\/index.php?rest_route=\/wp\/v2\/posts\/27157"}],"collection":[{"href":"https:\/\/obscom.intervozes.org.br\/index.php?rest_route=\/wp\/v2\/posts"}],"about":[{"href":"https:\/\/obscom.intervozes.org.br\/index.php?rest_route=\/wp\/v2\/types\/post"}],"author":[{"embeddable":true,"href":"https:\/\/obscom.intervozes.org.br\/index.php?rest_route=\/wp\/v2\/users\/1"}],"replies":[{"embeddable":true,"href":"https:\/\/obscom.intervozes.org.br\/index.php?rest_route=%2Fwp%2Fv2%2Fcomments&post=27157"}],"version-history":[{"count":0,"href":"https:\/\/obscom.intervozes.org.br\/index.php?rest_route=\/wp\/v2\/posts\/27157\/revisions"}],"wp:attachment":[{"href":"https:\/\/obscom.intervozes.org.br\/index.php?rest_route=%2Fwp%2Fv2%2Fmedia&parent=27157"}],"wp:term":[{"taxonomy":"category","embeddable":true,"href":"https:\/\/obscom.intervozes.org.br\/index.php?rest_route=%2Fwp%2Fv2%2Fcategories&post=27157"},{"taxonomy":"post_tag","embeddable":true,"href":"https:\/\/obscom.intervozes.org.br\/index.php?rest_route=%2Fwp%2Fv2%2Ftags&post=27157"}],"curies":[{"name":"wp","href":"https:\/\/api.w.org\/{rel}","templated":true}]}}