{"id":27156,"date":"2012-09-27T19:26:50","date_gmt":"2012-09-27T19:26:50","guid":{"rendered":"https:\/\/obscom.intervozes.org.br\/wordpress\/?p=27156"},"modified":"2012-09-27T19:26:50","modified_gmt":"2012-09-27T19:26:50","slug":"propriedade-cruzada-sera-debatida-na-audiencia-publica-do-stf-sobre-tv-paga","status":"publish","type":"post","link":"https:\/\/obscom.intervozes.org.br\/?p=27156","title":{"rendered":"Propriedade cruzada ser\u00e1 debatida na audi\u00eancia p\u00fablica do STF sobre TV paga"},"content":{"rendered":"<p>O Supremo Tribunal Federal (STF) est&aacute; convocando empresas e especialistas interessados em participar, como expositores, da audi&ecirc;ncia p&uacute;blica sobre TV por assinatura, promovida pelo Supremo Tribunal Federal, para encaminhar o pedido de inscri&ccedil;&atilde;o at&eacute; sexta-feira desta semana (dia 28). A audi&ecirc;ncia, convocada pelo ministro Luiz Fux, ser&aacute; realizada nos dias 19 e 26 de novembro.<\/p>\n<p>A audi&ecirc;ncia ganhou import&acirc;ncia maior desde que empresas de radiodifus&atilde;o que controlam servi&ccedil;os de TV por assinatura decidiram esperar a manifesta&ccedil;&atilde;o do STF sobre a Lei do SeAC para se adequarem &agrave; norma. &Eacute; o caso da TV Bandeirantes, propriet&aacute;ria das opera&ccedil;&otilde;es de cabo da TV Cidade, que j&aacute; foi notificada pela Anatel de que tem de adequar sua estrutura acion&aacute;ria &agrave; nova legisla&ccedil;&atilde;o. Outras 30 empresas est&atilde;o na mesma situa&ccedil;&atilde;o.<\/p>\n<p>A Lei do SeAC pro&iacute;be a propriedade cruzada entre radiodifusores e operadores de TV por assinatura e demais servi&ccedil;os de telecomunica&ccedil;&otilde;es. Sem adequa&ccedil;&atilde;o, as empresas poder&atilde;o ser penalizadas com multas.<\/p>\n<p>Os requerimentos de inscri&ccedil;&atilde;o devem ser encaminhados pelo e-mail tvporassinatura@stf.jus.br, com indica&ccedil;&atilde;o do nome da entidade representada, a pertin&ecirc;ncia entre suas finalidades e a mat&eacute;ria em debate, o curr&iacute;culo do especialista a ser ouvido e o resumo fundamentado da tese, apontando-se a controv&eacute;rsia existente e a posi&ccedil;&atilde;o defendida.<\/p>\n<p>O ministro Luiz Fux &eacute; relator de tr&ecirc;s a&ccedil;&otilde;es diretas de inconstitucionalidade (ADIs) que questionam dispositivos da Lei 12.485\/2011, que regulamenta a comunica&ccedil;&atilde;o audiovisual de acesso condicionado. As ADIs s&atilde;o de autoria do Partido Democratas (ADI 4679), da Associa&ccedil;&atilde;o NEO-TV, que re&uacute;ne prestadores de servi&ccedil;o de TV por assinatura (ADI 4747), e pela Associa&ccedil;&atilde;o Brasileira de Radiodifusores (ADI 4756).<\/p>\n<p>A audi&ecirc;ncia p&uacute;blica tem como objetivo ouvir especialistas, entidades reguladoras e representantes da sociedade civil para esclarecer quest&otilde;es t&eacute;cnicas, pol&iacute;ticas, econ&ocirc;micas e culturais relativas ao funcionamento do mercado de TV por assinatura.<\/p>\n","protected":false},"excerpt":{"rendered":"<p>O Supremo Tribunal Federal (STF) est&aacute; convocando empresas e especialistas interessados em participar, como expositores, da audi&ecirc;ncia p&uacute;blica sobre TV por assinatura, promovida pelo Supremo Tribunal Federal, para encaminhar o pedido de inscri&ccedil;&atilde;o at&eacute; sexta-feira desta semana (dia 28). A audi&ecirc;ncia, convocada pelo ministro Luiz Fux, ser&aacute; realizada nos dias 19 e 26 de novembro. &hellip; <a href=\"https:\/\/obscom.intervozes.org.br\/?p=27156\" class=\"more-link\">Continue lendo <span class=\"screen-reader-text\">Propriedade cruzada ser\u00e1 debatida na audi\u00eancia p\u00fablica do STF sobre TV paga<\/span> <span class=\"meta-nav\">&rarr;<\/span><\/a><\/p>\n","protected":false},"author":1,"featured_media":0,"comment_status":"open","ping_status":"open","sticky":false,"template":"","format":"standard","meta":{"footnotes":""},"categories":[40],"tags":[148],"_links":{"self":[{"href":"https:\/\/obscom.intervozes.org.br\/index.php?rest_route=\/wp\/v2\/posts\/27156"}],"collection":[{"href":"https:\/\/obscom.intervozes.org.br\/index.php?rest_route=\/wp\/v2\/posts"}],"about":[{"href":"https:\/\/obscom.intervozes.org.br\/index.php?rest_route=\/wp\/v2\/types\/post"}],"author":[{"embeddable":true,"href":"https:\/\/obscom.intervozes.org.br\/index.php?rest_route=\/wp\/v2\/users\/1"}],"replies":[{"embeddable":true,"href":"https:\/\/obscom.intervozes.org.br\/index.php?rest_route=%2Fwp%2Fv2%2Fcomments&post=27156"}],"version-history":[{"count":0,"href":"https:\/\/obscom.intervozes.org.br\/index.php?rest_route=\/wp\/v2\/posts\/27156\/revisions"}],"wp:attachment":[{"href":"https:\/\/obscom.intervozes.org.br\/index.php?rest_route=%2Fwp%2Fv2%2Fmedia&parent=27156"}],"wp:term":[{"taxonomy":"category","embeddable":true,"href":"https:\/\/obscom.intervozes.org.br\/index.php?rest_route=%2Fwp%2Fv2%2Fcategories&post=27156"},{"taxonomy":"post_tag","embeddable":true,"href":"https:\/\/obscom.intervozes.org.br\/index.php?rest_route=%2Fwp%2Fv2%2Ftags&post=27156"}],"curies":[{"name":"wp","href":"https:\/\/api.w.org\/{rel}","templated":true}]}}