{"id":27148,"date":"2012-09-21T18:22:11","date_gmt":"2012-09-21T18:22:11","guid":{"rendered":"https:\/\/obscom.intervozes.org.br\/wordpress\/?p=27148"},"modified":"2012-09-21T18:22:11","modified_gmt":"2012-09-21T18:22:11","slug":"viii-conferencia-brasileira-de-midia-cidada-acontece-em-brasilia","status":"publish","type":"post","link":"https:\/\/obscom.intervozes.org.br\/?p=27148","title":{"rendered":"VIII Confer\u00eancia Brasileira de M\u00eddia Cidad\u00e3 acontece em Bras\u00edlia"},"content":{"rendered":"<p><strong>Reda&ccedil;&atilde;o &#8211;&nbsp; Ag&ecirc;ncia de Not&iacute;cias dos Direitos da Inf&acirc;ncia<\/strong><\/p>\n<p>Debater o papel dos meios de comunica&ccedil;&atilde;o e sua influ&ecirc;ncia sobre a cidadania. Este &eacute; o foco da VIII Confer&ecirc;ncia Brasileira de M&iacute;dia Cidad&atilde;, que acontecer&aacute; na Universidade de Bras&iacute;lia, nos dias 24 e 25 de setembro. O tema central &eacute; M&iacute;dia, Cidadania e Pol&iacute;ticas P&uacute;blicas. A confer&ecirc;ncia pretende, ainda, promover o di&aacute;logo e o interc&acirc;mbio entre pesquisas acad&ecirc;micas e experi&ecirc;ncias inovadoras da sociedade civil de produ&ccedil;&atilde;o de m&iacute;dia que enfatizem a pr&aacute;tica cidad&atilde;. O encontro reunir&aacute; profissionais dos meios de comunica&ccedil;&atilde;o, pesquisadores da &aacute;rea, integrantes de movimentos sociais, representantes da sociedade civil, professores e estudantes.<\/p>\n<p><strong>Onde<\/strong>: Universidade de Bras&iacute;lia &ndash; na Faculdade de Comunica&ccedil;&atilde;o e no Memorial Darcy Ribeiro<br \/><strong>Hora<\/strong>: 8h &Agrave;s 20h<br \/><strong>P&uacute;blico alvo<\/strong>: Profissionais dos meios de comunica&ccedil;&atilde;o, pesquisadores da &aacute;rea, integrantes de movimentos sociais, representantes da sociedade civil, professores e estudantes<br \/><strong>Informa&ccedil;&otilde;es<\/strong>: No site do evento: http:\/\/midiacidada2012.unb.br\/<\/p>\n","protected":false},"excerpt":{"rendered":"<p>Reda&ccedil;&atilde;o &#8211;&nbsp; Ag&ecirc;ncia de Not&iacute;cias dos Direitos da Inf&acirc;ncia Debater o papel dos meios de comunica&ccedil;&atilde;o e sua influ&ecirc;ncia sobre a cidadania. Este &eacute; o foco da VIII Confer&ecirc;ncia Brasileira de M&iacute;dia Cidad&atilde;, que acontecer&aacute; na Universidade de Bras&iacute;lia, nos dias 24 e 25 de setembro. O tema central &eacute; M&iacute;dia, Cidadania e Pol&iacute;ticas P&uacute;blicas. &hellip; <a href=\"https:\/\/obscom.intervozes.org.br\/?p=27148\" class=\"more-link\">Continue lendo <span class=\"screen-reader-text\">VIII Confer\u00eancia Brasileira de M\u00eddia Cidad\u00e3 acontece em Bras\u00edlia<\/span> <span class=\"meta-nav\">&rarr;<\/span><\/a><\/p>\n","protected":false},"author":1,"featured_media":0,"comment_status":"open","ping_status":"open","sticky":false,"template":"","format":"standard","meta":{"footnotes":""},"categories":[39],"tags":[],"_links":{"self":[{"href":"https:\/\/obscom.intervozes.org.br\/index.php?rest_route=\/wp\/v2\/posts\/27148"}],"collection":[{"href":"https:\/\/obscom.intervozes.org.br\/index.php?rest_route=\/wp\/v2\/posts"}],"about":[{"href":"https:\/\/obscom.intervozes.org.br\/index.php?rest_route=\/wp\/v2\/types\/post"}],"author":[{"embeddable":true,"href":"https:\/\/obscom.intervozes.org.br\/index.php?rest_route=\/wp\/v2\/users\/1"}],"replies":[{"embeddable":true,"href":"https:\/\/obscom.intervozes.org.br\/index.php?rest_route=%2Fwp%2Fv2%2Fcomments&post=27148"}],"version-history":[{"count":0,"href":"https:\/\/obscom.intervozes.org.br\/index.php?rest_route=\/wp\/v2\/posts\/27148\/revisions"}],"wp:attachment":[{"href":"https:\/\/obscom.intervozes.org.br\/index.php?rest_route=%2Fwp%2Fv2%2Fmedia&parent=27148"}],"wp:term":[{"taxonomy":"category","embeddable":true,"href":"https:\/\/obscom.intervozes.org.br\/index.php?rest_route=%2Fwp%2Fv2%2Fcategories&post=27148"},{"taxonomy":"post_tag","embeddable":true,"href":"https:\/\/obscom.intervozes.org.br\/index.php?rest_route=%2Fwp%2Fv2%2Ftags&post=27148"}],"curies":[{"name":"wp","href":"https:\/\/api.w.org\/{rel}","templated":true}]}}