{"id":27147,"date":"2012-09-21T18:21:06","date_gmt":"2012-09-21T18:21:06","guid":{"rendered":"https:\/\/obscom.intervozes.org.br\/wordpress\/?p=27147"},"modified":"2012-09-21T18:21:06","modified_gmt":"2012-09-21T18:21:06","slug":"marc-realiza-seminario-sobre-regulacao-e-as-radios-comunitarias","status":"publish","type":"post","link":"https:\/\/obscom.intervozes.org.br\/?p=27147","title":{"rendered":"MARC realiza semin\u00e1rio sobre regula\u00e7\u00e3o e as r\u00e1dios comunit\u00e1rias"},"content":{"rendered":"<p><strong>Reda&ccedil;&atilde;o &#8211; Portal Fitert<\/strong><\/p>\n<p>No pr&oacute;ximo s&aacute;bado (22 de setembro), das 9 &agrave;s 18 horas, a Associa&ccedil;&atilde;o Mundial de R&aacute;dios Comunit&aacute;rias &#8211; AMARC Brasil realiza o quarto evento do Ciclo de Semin&aacute;rios Regionais sobre Legisla&ccedil;&atilde;o e Direito &agrave; Comunica&ccedil;&atilde;o da AMARC Brasil &quot;Uma nova lei para as r&aacute;dios comunit&aacute;rias: marco regulat&oacute;rio e direito &agrave; comunica&ccedil;&atilde;o&quot;. O objetivo &eacute; refletir sobre a proposta das emissoras comunit&aacute;rias para a nova Lei de Comunica&ccedil;&atilde;o e tamb&eacute;m discutir as atuais pol&iacute;ticas em comunica&ccedil;&atilde;o referentes &agrave;s r&aacute;dios comunit&aacute;rias brasileiras. AMARC Brasil pretende que os semin&aacute;rios sejam espa&ccedil;os constru&ccedil;&atilde;o conjunta de um marco regulat&oacute;rio para o setor que efetive o direito humano &agrave; comunica&ccedil;&atilde;o e &agrave; liberdade de express&atilde;o. Neste s&aacute;bado o avento acontece no audit&oacute;rio do Sindicato dos Jornalistas Profissionais do Estado de S&atilde;o Paulo (rua Rego Freitas, 530 &#8211; sobreloja &#8211; Vila Buarque).<\/p>\n<p>Este encontro faz parte de um Ciclo de Semin&aacute;rios que tem percorrido as cinco regi&otilde;es brasileiras, j&aacute; tendo sido realizado em Fortaleza (CE), Arroio do Sal (RS) e Altamira (PA). O quinto e &uacute;ltimo evento acontecer&aacute; em Bras&iacute;lia, no m&ecirc;s de novembro, quando as propostas dos semin&aacute;rios regionais ser&atilde;o apresentadas.<\/p>\n<p>Durante o evento, ser&aacute; distribu&iacute;da a vers&atilde;o em portugu&ecirc;s da publica&ccedil;&atilde;o &quot;Princ&iacute;pios para garantir a diversidade e a pluralidade na radiodifus&atilde;o e nos servi&ccedil;os de comunica&ccedil;&atilde;o audiovisual&quot;, elaborada em 2009 pela AMARC Am&eacute;rica Latina e Caribe. O livro &eacute; resultado de pesquisa comparada em legisla&ccedil;&atilde;o e acordos internacionais sobre direito &agrave; comunica&ccedil;&atilde;o e pretende ser refer&ecirc;ncia e mais uma ferramenta para a nova lei de comunica&ccedil;&atilde;o brasileira.<\/p>\n<p>A Associa&ccedil;&atilde;o Mundial de R&aacute;dios Comunit&aacute;rias &#8211; AMARC &#8211; &eacute; refer&ecirc;ncia organizacional, pol&iacute;tica e comunicacional de um movimento internacional constitu&iacute;do em torno das r&aacute;dios comunit&aacute;rias, cidad&atilde;s e populares. A miss&atilde;o da AMARC &eacute; promover a democracia na comunica&ccedil;&atilde;o, especialmente no r&aacute;dio, para favorecer a liberdade de express&atilde;o e contribuir para o desenvolvimento igualit&aacute;rio e sustent&aacute;vel dos nossos povos.<\/p>\n","protected":false},"excerpt":{"rendered":"<p>Reda&ccedil;&atilde;o &#8211; Portal Fitert No pr&oacute;ximo s&aacute;bado (22 de setembro), das 9 &agrave;s 18 horas, a Associa&ccedil;&atilde;o Mundial de R&aacute;dios Comunit&aacute;rias &#8211; AMARC Brasil realiza o quarto evento do Ciclo de Semin&aacute;rios Regionais sobre Legisla&ccedil;&atilde;o e Direito &agrave; Comunica&ccedil;&atilde;o da AMARC Brasil &quot;Uma nova lei para as r&aacute;dios comunit&aacute;rias: marco regulat&oacute;rio e direito &agrave; comunica&ccedil;&atilde;o&quot;. &hellip; <a href=\"https:\/\/obscom.intervozes.org.br\/?p=27147\" class=\"more-link\">Continue lendo <span class=\"screen-reader-text\">MARC realiza semin\u00e1rio sobre regula\u00e7\u00e3o e as r\u00e1dios comunit\u00e1rias<\/span> <span class=\"meta-nav\">&rarr;<\/span><\/a><\/p>\n","protected":false},"author":1,"featured_media":0,"comment_status":"open","ping_status":"open","sticky":false,"template":"","format":"standard","meta":{"footnotes":""},"categories":[39],"tags":[],"_links":{"self":[{"href":"https:\/\/obscom.intervozes.org.br\/index.php?rest_route=\/wp\/v2\/posts\/27147"}],"collection":[{"href":"https:\/\/obscom.intervozes.org.br\/index.php?rest_route=\/wp\/v2\/posts"}],"about":[{"href":"https:\/\/obscom.intervozes.org.br\/index.php?rest_route=\/wp\/v2\/types\/post"}],"author":[{"embeddable":true,"href":"https:\/\/obscom.intervozes.org.br\/index.php?rest_route=\/wp\/v2\/users\/1"}],"replies":[{"embeddable":true,"href":"https:\/\/obscom.intervozes.org.br\/index.php?rest_route=%2Fwp%2Fv2%2Fcomments&post=27147"}],"version-history":[{"count":0,"href":"https:\/\/obscom.intervozes.org.br\/index.php?rest_route=\/wp\/v2\/posts\/27147\/revisions"}],"wp:attachment":[{"href":"https:\/\/obscom.intervozes.org.br\/index.php?rest_route=%2Fwp%2Fv2%2Fmedia&parent=27147"}],"wp:term":[{"taxonomy":"category","embeddable":true,"href":"https:\/\/obscom.intervozes.org.br\/index.php?rest_route=%2Fwp%2Fv2%2Fcategories&post=27147"},{"taxonomy":"post_tag","embeddable":true,"href":"https:\/\/obscom.intervozes.org.br\/index.php?rest_route=%2Fwp%2Fv2%2Ftags&post=27147"}],"curies":[{"name":"wp","href":"https:\/\/api.w.org\/{rel}","templated":true}]}}