{"id":27145,"date":"2012-09-21T18:14:42","date_gmt":"2012-09-21T18:14:42","guid":{"rendered":"https:\/\/obscom.intervozes.org.br\/wordpress\/?p=27145"},"modified":"2012-09-21T18:14:42","modified_gmt":"2012-09-21T18:14:42","slug":"votacao-do-marco-civil-da-internet-fica-para-apos-as-eleicoes","status":"publish","type":"post","link":"https:\/\/obscom.intervozes.org.br\/?p=27145","title":{"rendered":"Vota\u00e7\u00e3o do marco civil da internet fica para ap\u00f3s as elei\u00e7\u00f5es"},"content":{"rendered":"<p>A proposta de marco civil da internet (PL 2126\/11) ser&aacute; votada pela comiss&atilde;o especial que analisa a mat&eacute;ria apenas em outubro, ap&oacute;s as elei&ccedil;&otilde;es, segundo previs&atilde;o do relator do projeto, deputado Alessandro Molon (PT-RJ). A vota&ccedil;&atilde;o estava prevista para esta quarta-feira (19), mas o relator preferiu adiar a discuss&atilde;o, depois de receber a not&iacute;cia de que pelo menos dois votos em separado seriam apresentados. &ldquo;Consideramos mais prudente fazer a vota&ccedil;&atilde;o ap&oacute;s as elei&ccedil;&otilde;es, quando tivermos a certeza de um qu&oacute;rum que garanta a aprova&ccedil;&atilde;o do meu relat&oacute;rio&rdquo;, afirmou.<\/p>\n<p>Conforme Molon, a principal resist&ecirc;ncia a seu substitutivo, apresentado em julho, diz respeito &agrave; garantia da chamada neutralidade de rede. &ldquo;Os votos em separado, ao que tudo indica, retirariam justamente essa garantia&rdquo;, disse. Esse princ&iacute;pio, contido no marco civil, estabelece que todo pacote de dados que trafega na internet dever&aacute; ser tratado de maneira ison&ocirc;mica, sem discrimina&ccedil;&atilde;o quanto ao conte&uacute;do, origem, destino, terminal ou aplicativo.<\/p>\n<p>&ldquo;Se n&atilde;o houver neutralidade da rede, o conte&uacute;do que vai chegar mais rapidamente ao usu&aacute;rio ser&aacute; aquele da empresa que eventualmente tenha celebrado acordo comercial com o provedor de conex&atilde;o&rdquo;, argumentou Molon. &ldquo;Na pr&aacute;tica, o provedor estaria escolhendo pelo usu&aacute;rio o conte&uacute;do que ele vai acessar mais rapidamente, e &eacute; isso que queremos proibir para proteger o direito de escolha do internauta&rdquo;, complementou. Os provedores de conex&atilde;o, ligados &agrave;s grandes empresas de telefonia, seriam os principais opositores da proposta.<\/p>\n<p>A Associa&ccedil;&atilde;o Brasileira de Telecomunica&ccedil;&otilde;es (Telebrasil), na Carta de Bras&iacute;lia 2012 &ndash; documento que re&uacute;ne as sugest&otilde;es de pol&iacute;ticas p&uacute;blicas das principais operadoras de telefonia do Brasil &ndash;, defende que o marco civil permita a &ldquo;oferta diversificada de servi&ccedil;os para diferentes perfis de usu&aacute;rios&rdquo;. De acordo com a carta, &ldquo;n&atilde;o se pode tratar como igual aquilo que &eacute; por natureza desigual, j&aacute; que colocar todos no mesmo patamar pode significar preju&iacute;zo de muitos em fun&ccedil;&atilde;o do privil&eacute;gio de alguns&rdquo;.<\/p>\n<p>O relator considera a neutralidade de rede um dos pilares da proposta e descarta a possibilidade de vota&ccedil;&atilde;o da mat&eacute;ria sem a previs&atilde;o dessa garantia. Os outros pontos mais importantes seriam a prote&ccedil;&atilde;o aos dados pessoais do usu&aacute;rio e a garantia da liberdade de express&atilde;o. O marco civil &eacute; uma esp&eacute;cie de Constitui&ccedil;&atilde;o da internet, com princ&iacute;pios que devem nortear o uso da rede, direitos dos usu&aacute;rios, obriga&ccedil;&otilde;es dos provedores do servi&ccedil;o e responsabilidades do Poder P&uacute;blico.<\/p>\n<p><strong>Posi&ccedil;&atilde;o do governo<br \/><\/strong><br \/>Na ter&ccedil;a-feira (18), Molon se reuniu com representantes da Secretaria de Rela&ccedil;&otilde;es Institucionais da Presid&ecirc;ncia da Rep&uacute;blica, do Minist&eacute;rio das Comunica&ccedil;&otilde;es e da Ag&ecirc;ncia Nacional de Telecomunica&ccedil;&otilde;es (Anatel) para discutir a vota&ccedil;&atilde;o da proposta.<\/p>\n<p>&ldquo;O governo &eacute; a favor do meu substitutivo e da neutralidade de rede&rdquo;, assegurou o relator. &ldquo;O Executivo discute, por&eacute;m, se a reda&ccedil;&atilde;o original do artigo que trata da neutralidade de rede n&atilde;o &eacute; melhor do que o proposto no meu texto&rdquo;, informou. De acordo com o substitutivo, o princ&iacute;pio dever&aacute; ser regulamentado por decreto, ouvido o Comit&ecirc; Gestor da Internet do Brasil (CGI.br) &#8211; &oacute;rg&atilde;o que inclui representantes do governo, do setor empresarial, do terceiro setor e da comunidade cient&iacute;fica e tecnol&oacute;gica. No texto original, n&atilde;o h&aacute; men&ccedil;&atilde;o ao CGI. Molon afirmou que estudar&aacute; a sugest&atilde;o do Executivo.<\/p>\n<p><strong>Apoio do mercado<br \/><\/strong><br \/>Na ter&ccedil;a-feira (18), as empresas de internet Google, Facebook e MercadoLivre emitiram uma nota conjunta, em forma de &ldquo;carta aberta&rdquo;, em apoio ao projeto de marco civil da internet.<\/p>\n<p>O documento diz que &quot;o Google, o Facebook e o MercadoLivre apoiam o marco civil da internet, resultado de um riqu&iacute;ssimo debate que resultou em um projeto de lei moderno, com texto composto de princ&iacute;pios reconhecidos globalmente como s&oacute;lido arcabou&ccedil;o para fomentar uma internet livre e equilibrada, preocupada tanto com a inova&ccedil;&atilde;o quanto com direitos fundamentais&quot;.<\/p>\n","protected":false},"excerpt":{"rendered":"<p>Neutralidade da rede ainda &eacute; a grande pol&ecirc;mica por tr&aacute;s do projeto do Marco Civil da Internet.&nbsp; O relator do projeto, deputado Alessandro Molon (PT-RJ), descarta a vota&ccedil;&atilde;o da proposta sem a garantia deste princ&iacute;pio.<\/p>\n","protected":false},"author":1,"featured_media":0,"comment_status":"open","ping_status":"open","sticky":false,"template":"","format":"standard","meta":{"footnotes":""},"categories":[40],"tags":[150],"_links":{"self":[{"href":"https:\/\/obscom.intervozes.org.br\/index.php?rest_route=\/wp\/v2\/posts\/27145"}],"collection":[{"href":"https:\/\/obscom.intervozes.org.br\/index.php?rest_route=\/wp\/v2\/posts"}],"about":[{"href":"https:\/\/obscom.intervozes.org.br\/index.php?rest_route=\/wp\/v2\/types\/post"}],"author":[{"embeddable":true,"href":"https:\/\/obscom.intervozes.org.br\/index.php?rest_route=\/wp\/v2\/users\/1"}],"replies":[{"embeddable":true,"href":"https:\/\/obscom.intervozes.org.br\/index.php?rest_route=%2Fwp%2Fv2%2Fcomments&post=27145"}],"version-history":[{"count":0,"href":"https:\/\/obscom.intervozes.org.br\/index.php?rest_route=\/wp\/v2\/posts\/27145\/revisions"}],"wp:attachment":[{"href":"https:\/\/obscom.intervozes.org.br\/index.php?rest_route=%2Fwp%2Fv2%2Fmedia&parent=27145"}],"wp:term":[{"taxonomy":"category","embeddable":true,"href":"https:\/\/obscom.intervozes.org.br\/index.php?rest_route=%2Fwp%2Fv2%2Fcategories&post=27145"},{"taxonomy":"post_tag","embeddable":true,"href":"https:\/\/obscom.intervozes.org.br\/index.php?rest_route=%2Fwp%2Fv2%2Ftags&post=27145"}],"curies":[{"name":"wp","href":"https:\/\/api.w.org\/{rel}","templated":true}]}}