{"id":27143,"date":"2012-09-21T17:57:45","date_gmt":"2012-09-21T17:57:45","guid":{"rendered":"https:\/\/obscom.intervozes.org.br\/wordpress\/?p=27143"},"modified":"2012-09-21T17:57:45","modified_gmt":"2012-09-21T17:57:45","slug":"marta-diz-que-meta-atingir-de-15-mil-pontos-de-cultura-ate-2020-e-delirio-e-exigira-muito-trabalho","status":"publish","type":"post","link":"https:\/\/obscom.intervozes.org.br\/?p=27143","title":{"rendered":"Marta diz que meta atingir de 15 mil pontos de Cultura at\u00e9 2020 \u00e9 &#8216;del\u00edrio&#8217; e exigir\u00e1 muito trabalho"},"content":{"rendered":"<p>Durante reuni&atilde;o realizada hoje (20) em Bras&iacute;lia com produtores do setor da cultura digital, a ministra da Cultura, Marta Suplicy, admitiu ainda estar conhecendo o Minist&eacute;rio da Cultura (MinC), que assumiu h&aacute; sete dias, e disse que a meta do pa&iacute;s ter 15 mil pontos de Cultura em funcionamento at&eacute; o ano de 2020 &eacute; um &ldquo;del&iacute;rio&rdquo; e que exigir&aacute; muito trabalho para ser atingida.<\/p>\n<p>&ldquo;O resgate e o fortalecimento dos pontos de Cultura t&ecirc;m que ser um ponto central dessa gest&atilde;o, mas falar em 15 mil [unidades] em funcionamento at&eacute; 2020 &eacute; um del&iacute;rio. Vamos ter que trabalhar muito para isso e vamos trabalhar&rdquo;, disse a ministra, destacando que, dos cerca de 4 mil pontos de Cultura identificados em todo o pa&iacute;s, apenas 2,3 mil s&atilde;o beneficiados por conv&ecirc;nios com o minist&eacute;rio.<\/p>\n<p>A meta de 15 mil pontos de Cultura &eacute; um dos 53 objetivos do Plano Nacional de Cultura (PNC), elaborado em parceria com representantes da sociedade civil e aprovado em dezembro de 2011.<\/p>\n<p>A secret&aacute;ria executiva do Pont&atilde;o de Articula&ccedil;&atilde;o da Comiss&atilde;o Nacional de Pontos de Cultura, Patr&iacute;cia Ferraz, disse ter interpretado a declara&ccedil;&atilde;o da ministra como um reconhecimento da necessidade de mudan&ccedil;as.<\/p>\n<p>&ldquo;Vendo a atual realidade do minist&eacute;rio, o [montante] de recursos destinados ao Programa Cultura Viva [ao qual est&atilde;o associados os pontos de Cultura], a meta dificilmente seria atingida. Acho que ao reconhecer o que chamou de del&iacute;rio, a ministra admitiu que &eacute; necess&aacute;rio um outro olhar, uma nova linha de atua&ccedil;&atilde;o por parte do minist&eacute;rio&rdquo;, disse Patr&iacute;cia &agrave; Ag&ecirc;ncia Brasil.<\/p>\n","protected":false},"excerpt":{"rendered":"<p>Durante reuni&atilde;o realizada hoje (20) em Bras&iacute;lia com produtores do setor da cultura digital, a ministra da Cultura, Marta Suplicy, admitiu ainda estar conhecendo o Minist&eacute;rio da Cultura (MinC), que assumiu h&aacute; sete dias, e disse que a meta do pa&iacute;s ter 15 mil pontos de Cultura em funcionamento at&eacute; o ano de 2020 &eacute; &hellip; <a href=\"https:\/\/obscom.intervozes.org.br\/?p=27143\" class=\"more-link\">Continue lendo <span class=\"screen-reader-text\">Marta diz que meta atingir de 15 mil pontos de Cultura at\u00e9 2020 \u00e9 &#8216;del\u00edrio&#8217; e exigir\u00e1 muito trabalho<\/span> <span class=\"meta-nav\">&rarr;<\/span><\/a><\/p>\n","protected":false},"author":1,"featured_media":0,"comment_status":"open","ping_status":"open","sticky":false,"template":"","format":"standard","meta":{"footnotes":""},"categories":[40],"tags":[350],"_links":{"self":[{"href":"https:\/\/obscom.intervozes.org.br\/index.php?rest_route=\/wp\/v2\/posts\/27143"}],"collection":[{"href":"https:\/\/obscom.intervozes.org.br\/index.php?rest_route=\/wp\/v2\/posts"}],"about":[{"href":"https:\/\/obscom.intervozes.org.br\/index.php?rest_route=\/wp\/v2\/types\/post"}],"author":[{"embeddable":true,"href":"https:\/\/obscom.intervozes.org.br\/index.php?rest_route=\/wp\/v2\/users\/1"}],"replies":[{"embeddable":true,"href":"https:\/\/obscom.intervozes.org.br\/index.php?rest_route=%2Fwp%2Fv2%2Fcomments&post=27143"}],"version-history":[{"count":0,"href":"https:\/\/obscom.intervozes.org.br\/index.php?rest_route=\/wp\/v2\/posts\/27143\/revisions"}],"wp:attachment":[{"href":"https:\/\/obscom.intervozes.org.br\/index.php?rest_route=%2Fwp%2Fv2%2Fmedia&parent=27143"}],"wp:term":[{"taxonomy":"category","embeddable":true,"href":"https:\/\/obscom.intervozes.org.br\/index.php?rest_route=%2Fwp%2Fv2%2Fcategories&post=27143"},{"taxonomy":"post_tag","embeddable":true,"href":"https:\/\/obscom.intervozes.org.br\/index.php?rest_route=%2Fwp%2Fv2%2Ftags&post=27143"}],"curies":[{"name":"wp","href":"https:\/\/api.w.org\/{rel}","templated":true}]}}