{"id":27134,"date":"2012-09-21T17:26:14","date_gmt":"2012-09-21T17:26:14","guid":{"rendered":"https:\/\/obscom.intervozes.org.br\/wordpress\/?p=27134"},"modified":"2012-09-21T17:26:14","modified_gmt":"2012-09-21T17:26:14","slug":"em-consulta-publica-idec-defende-serie-de-medidas-a-serem-incluidas-no-regimento-interno-da-anatel","status":"publish","type":"post","link":"https:\/\/obscom.intervozes.org.br\/?p=27134","title":{"rendered":"Em consulta p\u00fablica, Idec defende s\u00e9rie de medidas a serem inclu\u00eddas no regimento interno da Anatel"},"content":{"rendered":"<p>A Anatel (Ag&ecirc;ncia Nacional de Telecomunica&ccedil;&otilde;es) abriu Consulta P&uacute;blica (20\/2012) destinada a receber coment&aacute;rios &agrave; Proposta de altera&ccedil;&atilde;o do Regimento Interno da Ag&ecirc;ncia. O prazo final para recebimento de contribui&ccedil;&otilde;es foi dia 09 de setembro. Em sua contribui&ccedil;&atilde;o, o Idec defendeu inserir no regimento interno uma s&eacute;rie de instrumentos para a participa&ccedil;&atilde;o social no processo de regula&ccedil;&atilde;o, entre eles a organiza&ccedil;&atilde;o de reuni&otilde;es t&eacute;cnicas pr&eacute;vias &agrave;s audi&ecirc;ncias p&uacute;blicas, em per&iacute;odos de consulta p&uacute;blica, al&eacute;m da realiza&ccedil;&atilde;o de Pr&eacute;-Consultas, inclus&atilde;o dos Comit&ecirc;s da Anatel nas Consultas Internas, a ado&ccedil;&atilde;o de solu&ccedil;&otilde;es tecnol&oacute;gicas que permitam a participa&ccedil;&atilde;o remota e em tempo real nas audi&ecirc;ncias p&uacute;blicas da Anatel, entre outras medidas.<\/p>\n<p>Parte das sugest&otilde;es colocadas em consulta j&aacute; est&atilde;o previstas no Plano de A&ccedil;&atilde;o Pr&oacute;-Usu&aacute;rios, que foi aprovado por meio da Portaria 1.160\/2012, sendo esta uma oportunidade para adequar o regimento &agrave;s disposi&ccedil;&otilde;es nele presentes.<\/p>\n<p>Embora relativa &agrave; estrutura e, procedimentos internos da Anatel, o regimento interno estabelece par&acirc;metros essenciais &agrave; atividade do &oacute;rg&atilde;o regulador e ao desempenho de suas fun&ccedil;&otilde;es. &Eacute; o instrumento adequado para dispor sob diversas garantias de interesse dos usu&aacute;rios e da sociedade em geral, entre elas a cria&ccedil;&atilde;o de mecanismos efetivos de participa&ccedil;&atilde;o da sociedade na regula&ccedil;&atilde;o e de maior transpar&ecirc;ncia da atua&ccedil;&atilde;o da ag&ecirc;ncia.<\/p>\n<p>O Idec se baseou na Lei de Acesso &agrave; Informa&ccedil;&atilde;o P&uacute;blica (12.527\/2011) para defender que o regimento interno da Anatel seja transparente e n&atilde;o permita a restri&ccedil;&atilde;o a informa&ccedil;&otilde;es para a popula&ccedil;&atilde;o a n&atilde;o ser nos casos excepcionais previstos em lei e, sempre, por meio de decis&otilde;es fundamentadas e p&uacute;blicas. <\/p>\n<p><strong>Novas superintend&ecirc;ncias<\/strong><\/p>\n<p>Na proposta de altera&ccedil;&atilde;o colocada em consulta p&uacute;blica, prop&otilde;e-se tamb&eacute;m uma reestrutura&ccedil;&atilde;o da ag&ecirc;ncia. A divis&atilde;o das superintend&ecirc;ncias deixaria de ser por servi&ccedil;o para ter como base os processos envolvidos em sua atividade regulat&oacute;ria<\/p>\n<p>Assim, a proposta em consulta sugere a seguinte divis&atilde;o: Superintend&ecirc;ncia de Planejamento Regulat&oacute;rio, de Outorga e Recursos &agrave; Presta&ccedil;&atilde;o; de Fiscaliza&ccedil;&atilde;o, de Controle de Obriga&ccedil;&otilde;es; de Competi&ccedil;&atilde;o; de Gest&atilde;o Interna; de Administra&ccedil;&atilde;o e Finan&ccedil;as e tamb&eacute;m uma Superintend&ecirc;ncia de Rela&ccedil;&atilde;o com Consumidores.<\/p>\n<p>Com rela&ccedil;&atilde;o a esta proposta, o Idec ressaltou que a divis&atilde;o &eacute; mais adequada ao contexto da converg&ecirc;ncia tecnol&oacute;gica (em que se diluem as separa&ccedil;&otilde;es entre os servi&ccedil;os de telecomunica&ccedil;&otilde;es), possibilitando a reorganiza&ccedil;&atilde;o dos pontos focais da atividade regulat&oacute;ria e da distribui&ccedil;&atilde;o de recursos, tanto humanos, como financeiros. Por&eacute;m, manifestou a preocupa&ccedil;&atilde;o de tal organiza&ccedil;&atilde;o criar uma nova compartimentaliza&ccedil;&atilde;o de processos intimamente relacionados. <\/p>\n<p>&ldquo;Neste sentido, a preocupa&ccedil;&atilde;o da Anatel com a defesa do consumidor n&atilde;o deve se concentrar apenas na resposta &agrave;s solicita&ccedil;&otilde;es recebidas, nas necess&aacute;rias iniciativas de educa&ccedil;&atilde;o para o consumo e no tamb&eacute;m relevante acompanhamento do n&iacute;vel de satisfa&ccedil;&atilde;o da sociedade, que s&atilde;o atribui&ccedil;&otilde;es da Superintend&ecirc;ncia de Rela&ccedil;&otilde;es com os Consumidores proposta. A defesa do consumidor deve estar presente com destaque no planejamento regulat&oacute;rio, no controle de obriga&ccedil;&otilde;es, na competi&ccedil;&atilde;o e na fiscaliza&ccedil;&atilde;o&rdquo;, afirma a advogada do Idec, Veridiana Alimonti.<\/p>\n<p>O Idec tamb&eacute;m critica o uso que a Anatel est&aacute; dando &agrave; possibilidade de celebrar termos de ajustamento de conduta junto &agrave;s operadoras. A ag&ecirc;ncia vem negociando junto ao Minist&eacute;rio das Comunica&ccedil;&otilde;es e &agrave;s prestadoras a troca das multas n&atilde;o pagas por investimentos na rede privada destas prestadoras, que violaram obriga&ccedil;&otilde;es e, em complemento, n&atilde;o recolheram as multas correspondentes. &ldquo;Conforme afirmamos na contribui&ccedil;&atilde;o, n&atilde;o &eacute; razo&aacute;vel que solu&ccedil;&otilde;es assim sejam sugeridas por um &oacute;rg&atilde;o regulador de servi&ccedil;os essenciais. Evitando o uso indevido, sugerimos que o dispositivo da proposta de regimento interno que prev&ecirc; a celebra&ccedil;&atilde;o desses termos estabele&ccedil;a limita&ccedil;&otilde;es &agrave; negocia&ccedil;&atilde;o da Anatel com as empresas, al&eacute;m de prever a necess&aacute;ria participa&ccedil;&atilde;o de representantes do Sistema Nacional de Defesa do Consumidor no processo de celebra&ccedil;&atilde;o de TACs que envolverem viola&ccedil;&atilde;o de direitos dos usu&aacute;rios&rdquo;, conclui a advogada.<\/p>\n","protected":false},"excerpt":{"rendered":"<p>A Anatel (Ag&ecirc;ncia Nacional de Telecomunica&ccedil;&otilde;es) abriu Consulta P&uacute;blica (20\/2012) destinada a receber coment&aacute;rios &agrave; Proposta de altera&ccedil;&atilde;o do Regimento Interno da Ag&ecirc;ncia. O prazo final para recebimento de contribui&ccedil;&otilde;es foi dia 09 de setembro. Em sua contribui&ccedil;&atilde;o, o Idec defendeu inserir no regimento interno uma s&eacute;rie de instrumentos para a participa&ccedil;&atilde;o social no processo &hellip; <a href=\"https:\/\/obscom.intervozes.org.br\/?p=27134\" class=\"more-link\">Continue lendo <span class=\"screen-reader-text\">Em consulta p\u00fablica, Idec defende s\u00e9rie de medidas a serem inclu\u00eddas no regimento interno da Anatel<\/span> <span class=\"meta-nav\">&rarr;<\/span><\/a><\/p>\n","protected":false},"author":1,"featured_media":0,"comment_status":"open","ping_status":"open","sticky":false,"template":"","format":"standard","meta":{"footnotes":""},"categories":[40],"tags":[366],"_links":{"self":[{"href":"https:\/\/obscom.intervozes.org.br\/index.php?rest_route=\/wp\/v2\/posts\/27134"}],"collection":[{"href":"https:\/\/obscom.intervozes.org.br\/index.php?rest_route=\/wp\/v2\/posts"}],"about":[{"href":"https:\/\/obscom.intervozes.org.br\/index.php?rest_route=\/wp\/v2\/types\/post"}],"author":[{"embeddable":true,"href":"https:\/\/obscom.intervozes.org.br\/index.php?rest_route=\/wp\/v2\/users\/1"}],"replies":[{"embeddable":true,"href":"https:\/\/obscom.intervozes.org.br\/index.php?rest_route=%2Fwp%2Fv2%2Fcomments&post=27134"}],"version-history":[{"count":0,"href":"https:\/\/obscom.intervozes.org.br\/index.php?rest_route=\/wp\/v2\/posts\/27134\/revisions"}],"wp:attachment":[{"href":"https:\/\/obscom.intervozes.org.br\/index.php?rest_route=%2Fwp%2Fv2%2Fmedia&parent=27134"}],"wp:term":[{"taxonomy":"category","embeddable":true,"href":"https:\/\/obscom.intervozes.org.br\/index.php?rest_route=%2Fwp%2Fv2%2Fcategories&post=27134"},{"taxonomy":"post_tag","embeddable":true,"href":"https:\/\/obscom.intervozes.org.br\/index.php?rest_route=%2Fwp%2Fv2%2Ftags&post=27134"}],"curies":[{"name":"wp","href":"https:\/\/api.w.org\/{rel}","templated":true}]}}