{"id":27132,"date":"2012-09-17T16:22:20","date_gmt":"2012-09-17T16:22:20","guid":{"rendered":"https:\/\/obscom.intervozes.org.br\/wordpress\/?p=27132"},"modified":"2014-09-07T03:02:55","modified_gmt":"2014-09-07T03:02:55","slug":"sociedade-peruana-debate-politicas-de-comunicacao-em-forum-nacional-de-comunicacao","status":"publish","type":"post","link":"https:\/\/obscom.intervozes.org.br\/?p=27132","title":{"rendered":"Sociedade peruana debate pol\u00edticas de comunica\u00e7\u00e3o em F\u00f3rum Nacional de Comunica\u00e7\u00e3o"},"content":{"rendered":"<p class=\"padrao\">Debates envolvendo direito &agrave; comunica&ccedil;&atilde;o, meios p&uacute;blicos e comunica&ccedil;&atilde;o para a inclus&atilde;o social t&ecirc;m marcado o ano de 2012 no Peru. Durante v&aacute;rios meses no pa&iacute;s foi realizado o F&oacute;rum Nacional de Comunica&ccedil;&atilde;o &ldquo;Hablemos, mais vozes para a comunica&ccedil;&atilde;o&rdquo; que, como a 1&ordf; Confer&ecirc;ncia Nacional de Comunica&ccedil;&atilde;o (Confecom) no Brasil, contou com etapas regionais e culminou com uma etapa nacional realizada nos dias 23 e 24 de agosto, em Lima. Ao final da etapa nacional, o F&oacute;rum produziu o documento chamado <a href=\"http:\/\/localhost\/intervozes_direitoacomunicacao\/wordpress\/?p=18428\" target=\"_blank\">Declara&ccedil;&atilde;o &ldquo;Mais vozes para a comunica&ccedil;&atilde;o&rdquo;<\/a>, que cont&eacute;m princ&iacute;pios e recomenda&ccedil;&otilde;es para a cria&ccedil;&atilde;o de pol&iacute;ticas de comunica&ccedil;&atilde;o no Peru. <\/p>\n<p class=\"padrao\">Organizado pelo Escrit&oacute;rio Geral de Comunica&ccedil;&atilde;o Social da Presid&ecirc;ncia do Conselho de Ministros do pa&iacute;s, que tem como fun&ccedil;&atilde;o elaborar e coordenar a pol&iacute;tica de comunica&ccedil;&atilde;o social do Poder Executivo, o &ldquo;Hablemos&rdquo; tamb&eacute;m contou com a participa&ccedil;&atilde;o de outras institui&ccedil;&otilde;es do Estado, meios de comunica&ccedil;&atilde;o, organiza&ccedil;&otilde;es sociais e universidades do pa&iacute;s para acontecer.<\/p>\n<p class=\"padrao\">O assessor do Escrit&oacute;rio Geral, Segundo Armas Casta&ntilde;eda, explica que o F&oacute;rum aconteceu de maneira descentralizada, em sete diferentes regi&otilde;es do pa&iacute;s, com o objetivo de promover a reflex&atilde;o entre os comunicadores do Peru e reunir suas experi&ecirc;ncias e propostas para a formula&ccedil;&atilde;o de pol&iacute;ticas de comunica&ccedil;&atilde;o inclusiva.<\/p>\n<p class=\"padrao\">&ldquo;Esses f&oacute;runs surgem a partir da necessidade de abertura de um di&aacute;logo entre governo e sociedade civil para refletir e debater sobre o direito &agrave; comunica&ccedil;&atilde;o, mas tamb&eacute;m com a ideia de elaborar propostas e insumos de comunica&ccedil;&atilde;o que possam contribuir para se desenhar pol&iacute;ticas p&uacute;blicas para a inclus&atilde;o social no pa&iacute;s&rdquo;, afirma Casta&ntilde;eda. Foram realizadas sete etapas macrorregionais, envolvendo 25 regi&otilde;es.<br \/>&nbsp;<br \/><strong>Meios p&uacute;blicos de comunica&ccedil;&atilde;o e revis&atilde;o da Lei de Radiodifus&atilde;o do Peru<\/strong><\/p>\n<p class=\"padrao\">Para o radialista e representante da Associa&ccedil;&atilde;o Mundial de R&aacute;dios Comunit&aacute;rias&nbsp; no Peru (Amarc), Geovanni Acate, uma expectativa dos participantes com o F&oacute;rum &eacute; a consolida&ccedil;&atilde;o de meios de comunica&ccedil;&atilde;o efetivamente p&uacute;blicos e a revis&atilde;o da Lei de Radiodifus&atilde;o peruana. &ldquo;N&oacute;s confiamos que todo este processo permita a formula&ccedil;&atilde;o de pol&iacute;ticas que transformem os meios que est&atilde;o sob a dire&ccedil;&atilde;o de governos locais, regionais e nacional em meios p&uacute;blicos, e que sejam gerenciados por um organismo da sociedade civil&rdquo;, enfatiza Acate.<\/p>\n<p class=\"padrao\">Sobre a revis&atilde;o da Lei de Radiodifus&atilde;o, o radialista lembra que durante a campanha eleitoral o presidente do Peru, Ollanta Humala, prometeu revis&aacute;-la, e foi muito criticado pela Sociedade Nacional de R&aacute;dio e Televis&atilde;o do Peru, associa&ccedil;&atilde;o que representa o empresariado do setor no pa&iacute;s. &ldquo;Foi dito que Ch&aacute;vez, Correa, Fernandez y Morales estariam por tr&aacute;s disso e que se pretendia amorda&ccedil;ar a imprensa&rdquo;, relata.<\/p>\n<p class=\"padrao\">&ldquo;Pode-se considerar este F&oacute;rum o in&iacute;cio de um processo anunciado em campanha. O Escrit&oacute;rio Geral de Comunica&ccedil;&atilde;o da Presidencia do Conselho de Ministros tem&nbsp; convocado comunicadores e comunicadoras que foram formados em meios comunit&aacute;rios e educativos. Mas ainda ficam d&uacute;vidas, pois desde o fim dos f&oacute;runs n&atilde;o houve comunica&ccedil;&atilde;o por parte do Estado aos delegados regionais que participaram do F&oacute;rum Nacional&rdquo;, questiona Geovanni, que tamb&eacute;m analisa como negativa a aus&ecirc;ncia de poderes decis&oacute;rios ao final do F&oacute;rum Nacional. &ldquo;Esper&aacute;vamos a presen&ccedil;a dos &oacute;rg&atilde;os do governo que tomam decis&otilde;es, como o Minist&eacute;rio dos Transportes e Comunica&ccedil;&otilde;es, e os congressistas da Comiss&atilde;o de Transportes e Comunica&ccedil;&otilde;es do Congresso da Rep&uacute;blica&rdquo;, reclama.<\/p>\n<p class=\"padrao\">Para Geovanni Acate houve boa participa&ccedil;&atilde;o da sociedade civil em todo processo. Ele ressalta, entretanto, que a Sociedade Nacional de Radio e Televis&atilde;o n&atilde;o participou do F&oacute;rum enquanto institui&ccedil;&atilde;o, embora alguns representantes estivessem presentes no F&oacute;rum Nacional.<\/p>\n<p class=\"padrao\">Ap&oacute;s a conclus&atilde;o do F&oacute;rum e a entrega da Declara&ccedil;&atilde;o final a Blanca Rosales, diretora do Escrit&oacute;rio Geral de Comunica&ccedil;&atilde;o Social da Presid&ecirc;ncia do Conselho de Ministros, a sociedade espera o an&uacute;ncio de novos encontros pelo pa&iacute;s para delinear conjuntamente a&ccedil;&otilde;es futuras, que tirem do papel o que est&aacute; acordado no documento final. <\/p>\n<p>&nbsp;<\/p>\n","protected":false},"excerpt":{"rendered":"<p>Em processo semelhante a Confer&ecirc;ncia Nacional de Comunica&ccedil;&atilde;o, peruanos participam de debates pelo pa&iacute;s e pedem revis&atilde;o da Lei de Radiodifus&atilde;o do pa&iacute;s<\/p>\n","protected":false},"author":1,"featured_media":0,"comment_status":"open","ping_status":"open","sticky":false,"template":"","format":"standard","meta":{"footnotes":""},"categories":[40],"tags":[1454],"_links":{"self":[{"href":"https:\/\/obscom.intervozes.org.br\/index.php?rest_route=\/wp\/v2\/posts\/27132"}],"collection":[{"href":"https:\/\/obscom.intervozes.org.br\/index.php?rest_route=\/wp\/v2\/posts"}],"about":[{"href":"https:\/\/obscom.intervozes.org.br\/index.php?rest_route=\/wp\/v2\/types\/post"}],"author":[{"embeddable":true,"href":"https:\/\/obscom.intervozes.org.br\/index.php?rest_route=\/wp\/v2\/users\/1"}],"replies":[{"embeddable":true,"href":"https:\/\/obscom.intervozes.org.br\/index.php?rest_route=%2Fwp%2Fv2%2Fcomments&post=27132"}],"version-history":[{"count":1,"href":"https:\/\/obscom.intervozes.org.br\/index.php?rest_route=\/wp\/v2\/posts\/27132\/revisions"}],"predecessor-version":[{"id":28304,"href":"https:\/\/obscom.intervozes.org.br\/index.php?rest_route=\/wp\/v2\/posts\/27132\/revisions\/28304"}],"wp:attachment":[{"href":"https:\/\/obscom.intervozes.org.br\/index.php?rest_route=%2Fwp%2Fv2%2Fmedia&parent=27132"}],"wp:term":[{"taxonomy":"category","embeddable":true,"href":"https:\/\/obscom.intervozes.org.br\/index.php?rest_route=%2Fwp%2Fv2%2Fcategories&post=27132"},{"taxonomy":"post_tag","embeddable":true,"href":"https:\/\/obscom.intervozes.org.br\/index.php?rest_route=%2Fwp%2Fv2%2Ftags&post=27132"}],"curies":[{"name":"wp","href":"https:\/\/api.w.org\/{rel}","templated":true}]}}