{"id":27127,"date":"2012-09-14T16:52:40","date_gmt":"2012-09-14T16:52:40","guid":{"rendered":"https:\/\/obscom.intervozes.org.br\/wordpress\/?p=27127"},"modified":"2012-09-14T16:52:40","modified_gmt":"2012-09-14T16:52:40","slug":"obesidade-infantil-esta-relacionada-a-propaganda-de-refeicoes-fast-food","status":"publish","type":"post","link":"https:\/\/obscom.intervozes.org.br\/?p=27127","title":{"rendered":"Obesidade infantil est\u00e1 relacionada \u00e0 propaganda de refei\u00e7\u00f5es fast-food"},"content":{"rendered":"<p>De acordo com o Instituto Brasileiro de Geografia e Estat&iacute;stica (IBGE), houve aumento cont&iacute;nuo e substancial do percentual de crian&ccedil;as e adolescentes com excesso de peso e obesas nos &uacute;ltimos anos, atingindo mais de 30% do p&uacute;blico entre 5 e 9 anos de idade e cerca de 20% de crian&ccedil;as e jovens entre 10 e 19 anos. Diante dessas estat&iacute;sticas, especialistas apontam que o vil&atilde;o seriam as pe&ccedil;as publicit&aacute;rias que se valem do licenciamento de personagens ou mascotes e da venda casada para estimular o consumismo nesse p&uacute;blico.<\/p>\n<p>&ldquo;&Eacute; imposs&iacute;vel para os pais sozinhos, com o n&iacute;vel de &#39;agressividade&#39; da publicidade infantil, tratarem de forma adequada o consumismo&rdquo;, diz In&ecirc;s Vitorino, coordenadora do Grupo de Pesquisa da Rela&ccedil;&atilde;o Inf&acirc;ncia, Adolesc&ecirc;ncia e M&iacute;dia, da Universidade Federal do Cear&aacute; (UFC). &ldquo;A crian&ccedil;a n&atilde;o pede ao pai o biscoito de um gosto espec&iacute;fico, mas do personagem A ou B&rdquo;, completa.<\/p>\n<p>Atualmente, uma lei em vigor em Florian&oacute;polis (8.985\/12) pro&iacute;be redes de fast-food de comercializarem produtos que acompanhem brindes voltados ao p&uacute;blico infantil. &Eacute; a primeira cidade do Pa&iacute;s a contar com a proibi&ccedil;&atilde;o. <\/p>\n<p><strong>Brinquedos<\/strong><\/p>\n<p>O presidente da Comiss&atilde;o de Direitos Humanos e Minorias, deputado Domingos Dutra (PT-MA), ressalta, entretanto, que a press&atilde;o publicit&aacute;ria n&atilde;o fica restrita aos alimentos. &ldquo;Sou quilombola e tenho uma filha de sete anos que me pede sempre uma boneca Barbie de olhos azuis e cabelos loiros em datas comemorativas&rdquo;, conta o parlamentar alertando para o poder da publicidade de interferir no imagin&aacute;rio infantil.<\/p>\n<p>Vanessa Anacleto, m&atilde;e de um menino de quatro anos e integrante do Coletivo Inf&acirc;ncia Livre de Consumismo &#8211; entidade que nasceu de discuss&otilde;es nas redes sociais -, sustenta que somente a autorregulamenta&ccedil;&atilde;o do setor n&atilde;o est&aacute; funcionando. <\/p>\n<p>Sandra Amorim, que representa o Conselho Nacional dos Direitos da Crian&ccedil;a e do Adolescente, reclama ainda que faltam recursos para garantir &agrave;s crian&ccedil;as todos direitos previstos na Constitui&ccedil;&atilde;o e para proteg&ecirc;-las de toda a forma de explora&ccedil;&atilde;o, viol&ecirc;ncia e opress&atilde;o. &ldquo;Ao permitir que elas [crian&ccedil;as] recebam informa&ccedil;&otilde;es em excesso que as incitem ao consumismo estamos produzindo uma viola&ccedil;&atilde;o ao direto da crian&ccedil;a de ter um desenvolvimento saud&aacute;vel&rdquo;, afirma.<\/p>\n<p><strong>Projeto de lei<br \/><\/strong><br \/>Em tramita&ccedil;&atilde;o na C&acirc;mara desde 2001, o Projeto de Lei 5921\/01 pode sinalizar o come&ccedil;o de uma solu&ccedil;&atilde;o para o assunto. A proposta, que aguarda an&aacute;lise na Comiss&atilde;o de Ci&ecirc;ncia e Tecnologia, Comunica&ccedil;&atilde;o e Inform&aacute;tica, disciplina a publicidade destinada &agrave; venda de produtos infantis.<\/p>\n<p>O relator, deputado Salvador Zimbaldi (PDT-SP), explica que o objetivo &eacute; buscar um meio termo para que a propaganda n&atilde;o venha a ser proibida e para que tamb&eacute;m n&atilde;o continue havendo um est&iacute;mulo absurdo ao consumo. <\/p>\n<p>O texto original da proposta j&aacute; foi alterado nas comiss&otilde;es de Defesa do Consumidor e de Desenvolvimento Econ&ocirc;mico, Ind&uacute;stria e Com&eacute;rcio.<\/p>\n<p>&ldquo;H&aacute; cada vez mais pesquisas que demonstram o impacto da publicidade direcionada ao p&uacute;blico infantil. Por isso o tema est&aacute; sendo cada vez mais debatido tanto na C&acirc;mara como no Senado&rdquo;, afirma Pedro Hartung, assessor do Instituto Alana &#8211; Projeto Crian&ccedil;a e Consumo.<\/p>\n<p>Mas Fernando Brettas, representante do Sindicato das Ag&ecirc;ncias de Propaganda do Distrito Federal (Sinapro-DF), critica a proposta em an&aacute;lise na C&acirc;mara. &ldquo;O debate est&aacute; errado. O projeto de lei em vota&ccedil;&atilde;o est&aacute; na contram&atilde;o do mundo inteiro. O discurso &eacute; ideol&oacute;gico, fundamentalista, autorit&aacute;rio.&rdquo;<\/p>\n","protected":false},"excerpt":{"rendered":"<p>De acordo com o Instituto Brasileiro de Geografia e Estat&iacute;stica (IBGE), houve aumento cont&iacute;nuo e substancial do percentual de crian&ccedil;as e adolescentes com excesso de peso e obesas nos &uacute;ltimos anos, atingindo mais de 30% do p&uacute;blico entre 5 e 9 anos de idade e cerca de 20% de crian&ccedil;as e jovens entre 10 e &hellip; <a href=\"https:\/\/obscom.intervozes.org.br\/?p=27127\" class=\"more-link\">Continue lendo <span class=\"screen-reader-text\">Obesidade infantil est\u00e1 relacionada \u00e0 propaganda de refei\u00e7\u00f5es fast-food<\/span> <span class=\"meta-nav\">&rarr;<\/span><\/a><\/p>\n","protected":false},"author":1,"featured_media":0,"comment_status":"open","ping_status":"open","sticky":false,"template":"","format":"standard","meta":{"footnotes":""},"categories":[40],"tags":[390],"_links":{"self":[{"href":"https:\/\/obscom.intervozes.org.br\/index.php?rest_route=\/wp\/v2\/posts\/27127"}],"collection":[{"href":"https:\/\/obscom.intervozes.org.br\/index.php?rest_route=\/wp\/v2\/posts"}],"about":[{"href":"https:\/\/obscom.intervozes.org.br\/index.php?rest_route=\/wp\/v2\/types\/post"}],"author":[{"embeddable":true,"href":"https:\/\/obscom.intervozes.org.br\/index.php?rest_route=\/wp\/v2\/users\/1"}],"replies":[{"embeddable":true,"href":"https:\/\/obscom.intervozes.org.br\/index.php?rest_route=%2Fwp%2Fv2%2Fcomments&post=27127"}],"version-history":[{"count":0,"href":"https:\/\/obscom.intervozes.org.br\/index.php?rest_route=\/wp\/v2\/posts\/27127\/revisions"}],"wp:attachment":[{"href":"https:\/\/obscom.intervozes.org.br\/index.php?rest_route=%2Fwp%2Fv2%2Fmedia&parent=27127"}],"wp:term":[{"taxonomy":"category","embeddable":true,"href":"https:\/\/obscom.intervozes.org.br\/index.php?rest_route=%2Fwp%2Fv2%2Fcategories&post=27127"},{"taxonomy":"post_tag","embeddable":true,"href":"https:\/\/obscom.intervozes.org.br\/index.php?rest_route=%2Fwp%2Fv2%2Ftags&post=27127"}],"curies":[{"name":"wp","href":"https:\/\/api.w.org\/{rel}","templated":true}]}}