{"id":27126,"date":"2012-09-14T16:50:09","date_gmt":"2012-09-14T16:50:09","guid":{"rendered":"https:\/\/obscom.intervozes.org.br\/wordpress\/?p=27126"},"modified":"2012-09-14T16:50:09","modified_gmt":"2012-09-14T16:50:09","slug":"consumidores-querem-marco-legal-publicitarios-autorregulamentacao","status":"publish","type":"post","link":"https:\/\/obscom.intervozes.org.br\/?p=27126","title":{"rendered":"Consumidores querem marco legal; publicit\u00e1rios, autorregulamenta\u00e7\u00e3o"},"content":{"rendered":"<p>Representantes dos consumidores pedem a aprova&ccedil;&atilde;o de um marco legal para o setor de propaganda e marketing, mas os publicit&aacute;rios s&atilde;o contra a interven&ccedil;&atilde;o estatal. Eles defende a autorregulamenta&ccedil;&atilde;o da atividade.<\/p>\n<p>&ldquo;O parlamento europeu recomendou a autorregula&ccedil;&atilde;o do setor. Os Estados Unidos est&atilde;o chegando num consenso para a autorregulamenta&ccedil;&atilde;o. Existem 192 pa&iacute;ses membros da ONU, sabe quantos deles t&ecirc;m um projeto de lei igual a esse [que est&aacute; sendo discutido na C&acirc;mara]? Dois, apenas dois: Su&eacute;cia e Noruega&rdquo;, diz Fernando Brettas, representante do Sindicato das Ag&ecirc;ncias de Propaganda do Distrito Federal (Sinapro-DF).<\/p>\n<p>&ldquo;Ningu&eacute;m quer o fim da publicidade de produtos, o que se prop&otilde;e &eacute; que a publicidade infantil seja direcionada ao p&uacute;blico adulto&rdquo;, explica Pedro Hartung, assessor do Instituto Alana &#8211; Projeto Crian&ccedil;a e Consumo. &ldquo;Muitos pa&iacute;ses regulam a publicidade infantil. Na Su&eacute;cia, por exemplo, n&atilde;o &eacute; permitida a propaganda direcionda para o p&uacute;blico infantil. Na Alemanha, os programas infantis n&atilde;o podem ser interrompidos por publicidade.&rdquo;<\/p>\n<p><strong>Marco regulat&oacute;rio<br \/><\/strong><br \/>Hartung defende a aprova&ccedil;&atilde;o de um marco regulat&oacute;rio para o setor. &ldquo;Os 10 pa&iacute;ses com IDH mais desenvolvido, pa&iacute;ses amplamente consolidados com pol&iacute;ticas e economias livres, possuem algum tipo de marco regulat&oacute;rio sobre a publicidade dirigida ao p&uacute;blico infantil.&rdquo;<\/p>\n<p>&ldquo;O estado tem a obriga&ccedil;&atilde;o de oferecer um marco regulat&oacute;rio e as empresas t&ecirc;m compromisso &eacute;tico com o consumidor de dirigir pe&ccedil;as que sejam &eacute;ticas. Nossa pergunta &eacute; essa, &eacute; &eacute;tico dirigir publicidade para o indiv&iacute;duo que n&atilde;o tenha capacidade biops&iacute;quica de responder com igualdade esse est&iacute;mulo?&rdquo;, questiona Hartung.<\/p>\n<p>Brettas, no entanto, argumenta que o Brasil tem as melhores pr&aacute;ticas comerciais em rela&ccedil;&atilde;o &agrave; publicidade. &ldquo;O que n&oacute;s estamos fazendo hoje n&atilde;o &eacute; nada muito diferente do que os pa&iacute;ses mais desenvolvidos do mundo [est&atilde;o fazendo].&rdquo;<\/p>\n<p>&ldquo;Se a crian&ccedil;a fica 5 horas na frente da televis&atilde;o em casa, a responsabilidade n&atilde;o &eacute; da propaganda, &eacute; do pai, do Estado que n&atilde;o fornece creche. Sinto muito, a responsabilidade n&atilde;o &eacute; nossa&rdquo;, diz o publicit&aacute;rio.<\/p>\n<p>Mas o assessor do Instituto Alana discorda. &ldquo;A responsabilidade &eacute; de todos n&oacute;s: Estado, empresas, ind&uacute;stria, publicit&aacute;rios, pais. Numa sociedade em que o mercado de trabalho &eacute; desigual &eacute; injusto piorar a vida desses pais colocando responsabilidade nas costas somente deles, ag&ecirc;ncias de publicidade possuem corresponsabilidade.&quot;<\/p>\n","protected":false},"excerpt":{"rendered":"<p>Representantes dos consumidores pedem a aprova&ccedil;&atilde;o de um marco legal para o setor de propaganda e marketing, mas os publicit&aacute;rios s&atilde;o contra a interven&ccedil;&atilde;o estatal. Eles defende a autorregulamenta&ccedil;&atilde;o da atividade. &ldquo;O parlamento europeu recomendou a autorregula&ccedil;&atilde;o do setor. Os Estados Unidos est&atilde;o chegando num consenso para a autorregulamenta&ccedil;&atilde;o. Existem 192 pa&iacute;ses membros da ONU, &hellip; <a href=\"https:\/\/obscom.intervozes.org.br\/?p=27126\" class=\"more-link\">Continue lendo <span class=\"screen-reader-text\">Consumidores querem marco legal; publicit\u00e1rios, autorregulamenta\u00e7\u00e3o<\/span> <span class=\"meta-nav\">&rarr;<\/span><\/a><\/p>\n","protected":false},"author":1,"featured_media":0,"comment_status":"open","ping_status":"open","sticky":false,"template":"","format":"standard","meta":{"footnotes":""},"categories":[40],"tags":[390],"_links":{"self":[{"href":"https:\/\/obscom.intervozes.org.br\/index.php?rest_route=\/wp\/v2\/posts\/27126"}],"collection":[{"href":"https:\/\/obscom.intervozes.org.br\/index.php?rest_route=\/wp\/v2\/posts"}],"about":[{"href":"https:\/\/obscom.intervozes.org.br\/index.php?rest_route=\/wp\/v2\/types\/post"}],"author":[{"embeddable":true,"href":"https:\/\/obscom.intervozes.org.br\/index.php?rest_route=\/wp\/v2\/users\/1"}],"replies":[{"embeddable":true,"href":"https:\/\/obscom.intervozes.org.br\/index.php?rest_route=%2Fwp%2Fv2%2Fcomments&post=27126"}],"version-history":[{"count":0,"href":"https:\/\/obscom.intervozes.org.br\/index.php?rest_route=\/wp\/v2\/posts\/27126\/revisions"}],"wp:attachment":[{"href":"https:\/\/obscom.intervozes.org.br\/index.php?rest_route=%2Fwp%2Fv2%2Fmedia&parent=27126"}],"wp:term":[{"taxonomy":"category","embeddable":true,"href":"https:\/\/obscom.intervozes.org.br\/index.php?rest_route=%2Fwp%2Fv2%2Fcategories&post=27126"},{"taxonomy":"post_tag","embeddable":true,"href":"https:\/\/obscom.intervozes.org.br\/index.php?rest_route=%2Fwp%2Fv2%2Ftags&post=27126"}],"curies":[{"name":"wp","href":"https:\/\/api.w.org\/{rel}","templated":true}]}}