{"id":27122,"date":"2012-09-14T16:28:20","date_gmt":"2012-09-14T16:28:20","guid":{"rendered":"https:\/\/obscom.intervozes.org.br\/wordpress\/?p=27122"},"modified":"2012-09-14T16:28:20","modified_gmt":"2012-09-14T16:28:20","slug":"lideres-adiam-votacao-do-projeto-sobre-crimes-ciberneticos-para-o-proximo-esforco-concentrado","status":"publish","type":"post","link":"https:\/\/obscom.intervozes.org.br\/?p=27122","title":{"rendered":"L\u00edderes adiam vota\u00e7\u00e3o do projeto sobre crimes cibern\u00e9ticos para o pr\u00f3ximo esfor\u00e7o concentrado"},"content":{"rendered":"<p>Em busca de acordo e de um texto consensual, os l&iacute;deres partid&aacute;rios no Senado Federal decidiram adiar a vota&ccedil;&atilde;o do projeto que tipifica crimes cibern&eacute;ticos (PLC 35\/2012) e que tramita em regime de urg&ecirc;ncia. A vota&ccedil;&atilde;o da proposta deve ocorrer na pr&oacute;xima semana de esfor&ccedil;o concentrado, que pode ocorrer na terceira semana de outubro (15 a 19), se os l&iacute;deres n&atilde;o conseguirem acordo para outro esfor&ccedil;o concentrado ainda na &uacute;ltima semana de setembro.<\/p>\n<p>Os senadores Jos&eacute; Agripino (DEM-RN), Romero Juc&aacute; (PMDB-RR) e Eduardo Braga (PMDB-AM) comunicaram que eles e outros senadores, como Pedro Taques (PDT-MT), Aloysio Nunes (PSDB-SP) e Eun&iacute;cio Oliveira (PMDB-CE), est&atilde;o negociando em busca de um texto que permita a aprova&ccedil;&atilde;o da mat&eacute;ria em Plen&aacute;rio, j&aacute; que o desapensamento da proposta do projeto do novo C&oacute;digo Penal (PLS 236\/2012) gerou impasse na Casa.<\/p>\n<p>Apesar de tratar de um tema previsto no texto do novo c&oacute;digo &ndash; os crimes pela internet &#8211; a proposta chegou a ir a Plen&aacute;rio no final de agosto, mas acabou tendo a vota&ccedil;&atilde;o adiada por falta de consenso para sua aprova&ccedil;&atilde;o. O PLC 35\/2012 cria uma figura nova na legisla&ccedil;&atilde;o brasileira para possibilitar a puni&ccedil;&atilde;o dos chamados crimes cibern&eacute;ticos.<\/p>\n<p>O l&iacute;der do governo no Senado, Eduardo Braga, foi relator da mat&eacute;ria na Comiss&atilde;o de Ci&ecirc;ncia, Tecnologia, Inova&ccedil;&atilde;o, Comunica&ccedil;&atilde;o e Inform&aacute;tica (CCT). J&aacute; Eun&iacute;cio Oliveira preside a Comiss&atilde;o Especial que analisa o texto do novo c&oacute;digo.<\/p>\n<p>Agripino voltou a defender a tramita&ccedil;&atilde;o do PLC, j&aacute; que o apensamento ao projeto do novo C&oacute;digo Penal tornaria muito complexa a sua aprova&ccedil;&atilde;o.<\/p>\n<p>&#8211; As lideran&ccedil;as est&atilde;o em busca de um texto consensual que permita a aprova&ccedil;&atilde;o das regras punitivas para os crimes cibern&eacute;ticos &ndash; disse Agripino.<\/p>\n<p>Juc&aacute; acrescentou tratar-se de uma &ldquo;mat&eacute;ria urgente e importante para o pa&iacute;s&rdquo;. Eduardo Braga garantiu estar negociando com os demais senadores e mostrou otimismo quanto a um acordo sobre o texto que permita sua vota&ccedil;&atilde;o do projeto na pr&oacute;xima semana de esfor&ccedil;o concentrado.<\/p>\n","protected":false},"excerpt":{"rendered":"<p>Em busca de acordo e de um texto consensual, os l&iacute;deres partid&aacute;rios no Senado Federal decidiram adiar a vota&ccedil;&atilde;o do projeto que tipifica crimes cibern&eacute;ticos (PLC 35\/2012) e que tramita em regime de urg&ecirc;ncia. A vota&ccedil;&atilde;o da proposta deve ocorrer na pr&oacute;xima semana de esfor&ccedil;o concentrado, que pode ocorrer na terceira semana de outubro (15 &hellip; <a href=\"https:\/\/obscom.intervozes.org.br\/?p=27122\" class=\"more-link\">Continue lendo <span class=\"screen-reader-text\">L\u00edderes adiam vota\u00e7\u00e3o do projeto sobre crimes cibern\u00e9ticos para o pr\u00f3ximo esfor\u00e7o concentrado<\/span> <span class=\"meta-nav\">&rarr;<\/span><\/a><\/p>\n","protected":false},"author":1,"featured_media":0,"comment_status":"open","ping_status":"open","sticky":false,"template":"","format":"standard","meta":{"footnotes":""},"categories":[40],"tags":[1328],"_links":{"self":[{"href":"https:\/\/obscom.intervozes.org.br\/index.php?rest_route=\/wp\/v2\/posts\/27122"}],"collection":[{"href":"https:\/\/obscom.intervozes.org.br\/index.php?rest_route=\/wp\/v2\/posts"}],"about":[{"href":"https:\/\/obscom.intervozes.org.br\/index.php?rest_route=\/wp\/v2\/types\/post"}],"author":[{"embeddable":true,"href":"https:\/\/obscom.intervozes.org.br\/index.php?rest_route=\/wp\/v2\/users\/1"}],"replies":[{"embeddable":true,"href":"https:\/\/obscom.intervozes.org.br\/index.php?rest_route=%2Fwp%2Fv2%2Fcomments&post=27122"}],"version-history":[{"count":0,"href":"https:\/\/obscom.intervozes.org.br\/index.php?rest_route=\/wp\/v2\/posts\/27122\/revisions"}],"wp:attachment":[{"href":"https:\/\/obscom.intervozes.org.br\/index.php?rest_route=%2Fwp%2Fv2%2Fmedia&parent=27122"}],"wp:term":[{"taxonomy":"category","embeddable":true,"href":"https:\/\/obscom.intervozes.org.br\/index.php?rest_route=%2Fwp%2Fv2%2Fcategories&post=27122"},{"taxonomy":"post_tag","embeddable":true,"href":"https:\/\/obscom.intervozes.org.br\/index.php?rest_route=%2Fwp%2Fv2%2Ftags&post=27122"}],"curies":[{"name":"wp","href":"https:\/\/api.w.org\/{rel}","templated":true}]}}