{"id":27121,"date":"2012-09-12T16:44:32","date_gmt":"2012-09-12T16:44:32","guid":{"rendered":"https:\/\/obscom.intervozes.org.br\/wordpress\/?p=27121"},"modified":"2012-09-12T16:44:32","modified_gmt":"2012-09-12T16:44:32","slug":"conselho-curador-da-ebc-realiza-audiencia-publica-em-maraba-pa-nesta-sexta-14","status":"publish","type":"post","link":"https:\/\/obscom.intervozes.org.br\/?p=27121","title":{"rendered":"Conselho Curador da EBC realiza audi\u00eancia p\u00fablica em Marab\u00e1 (PA) nesta sexta (14)"},"content":{"rendered":"<p><strong>Reda&ccedil;&atilde;o &#8211; Observat&oacute;rio do Direito &agrave; Comunica&ccedil;&atilde;o<\/strong><\/p>\n<p>O Conselho Curador da Empresa Brasil de Comunica&ccedil;&atilde;o (EBC) realiza nesta sexta (14\/9) a primeira audi&ecirc;ncia p&uacute;blica na regi&atilde;o norte do pa&iacute;s. A cidade escolhida pelo Conselho foi Marab&aacute;, no Par&aacute;. A audi&ecirc;ncia ir&aacute; debater o tema &quot;A r&aacute;dio Nacional da Amaz&ocirc;nia e a comunica&ccedil;&atilde;o p&uacute;blica na regi&atilde;o norte&quot; e ser&aacute; realizada na C&acirc;mara de Vereadores de Marab&aacute; a partir das 9h.<\/p>\n<p>Tamb&eacute;m ser&aacute; realizada uma reuni&atilde;o preparat&oacute;ria no dia 13 no campus de Marab&aacute; da Universidade Federal do Par&aacute;. Na tarde da sexta (14), ser&atilde;o organizados grupos de trabalho destinados a aprofundar as discuss&otilde;es realizadas na audi&ecirc;ncia. As inscri&ccedil;&otilde;es para participar da audi&ecirc;ncia pode ser feita at&eacute; quarta (12\/9) pelo e-mail conselho.curador@ebc.com.br. Em 13 de novembro o Conselho realizar&aacute; outra audi&ecirc;ncia na regi&atilde;o sul, na cidade de Porto Alegre (RS).<\/p>\n<p>Mais informa&ccedil;&otilde;es: http:\/\/www.conselhocurador.ebc.com.br\/noticia\/31-08-2012-conselho-curador-da-ebc-realiza-audiencia-publica-em-maraba-no-dia-14-de-setembro<\/p>\n<p><em>Com informa&ccedil;&otilde;es do Conselho Curador<\/em><\/p>\n","protected":false},"excerpt":{"rendered":"<p>Reda&ccedil;&atilde;o &#8211; Observat&oacute;rio do Direito &agrave; Comunica&ccedil;&atilde;o O Conselho Curador da Empresa Brasil de Comunica&ccedil;&atilde;o (EBC) realiza nesta sexta (14\/9) a primeira audi&ecirc;ncia p&uacute;blica na regi&atilde;o norte do pa&iacute;s. A cidade escolhida pelo Conselho foi Marab&aacute;, no Par&aacute;. A audi&ecirc;ncia ir&aacute; debater o tema &quot;A r&aacute;dio Nacional da Amaz&ocirc;nia e a comunica&ccedil;&atilde;o p&uacute;blica na regi&atilde;o &hellip; <a href=\"https:\/\/obscom.intervozes.org.br\/?p=27121\" class=\"more-link\">Continue lendo <span class=\"screen-reader-text\">Conselho Curador da EBC realiza audi\u00eancia p\u00fablica em Marab\u00e1 (PA) nesta sexta (14)<\/span> <span class=\"meta-nav\">&rarr;<\/span><\/a><\/p>\n","protected":false},"author":1,"featured_media":0,"comment_status":"open","ping_status":"open","sticky":false,"template":"","format":"standard","meta":{"footnotes":""},"categories":[39],"tags":[],"_links":{"self":[{"href":"https:\/\/obscom.intervozes.org.br\/index.php?rest_route=\/wp\/v2\/posts\/27121"}],"collection":[{"href":"https:\/\/obscom.intervozes.org.br\/index.php?rest_route=\/wp\/v2\/posts"}],"about":[{"href":"https:\/\/obscom.intervozes.org.br\/index.php?rest_route=\/wp\/v2\/types\/post"}],"author":[{"embeddable":true,"href":"https:\/\/obscom.intervozes.org.br\/index.php?rest_route=\/wp\/v2\/users\/1"}],"replies":[{"embeddable":true,"href":"https:\/\/obscom.intervozes.org.br\/index.php?rest_route=%2Fwp%2Fv2%2Fcomments&post=27121"}],"version-history":[{"count":0,"href":"https:\/\/obscom.intervozes.org.br\/index.php?rest_route=\/wp\/v2\/posts\/27121\/revisions"}],"wp:attachment":[{"href":"https:\/\/obscom.intervozes.org.br\/index.php?rest_route=%2Fwp%2Fv2%2Fmedia&parent=27121"}],"wp:term":[{"taxonomy":"category","embeddable":true,"href":"https:\/\/obscom.intervozes.org.br\/index.php?rest_route=%2Fwp%2Fv2%2Fcategories&post=27121"},{"taxonomy":"post_tag","embeddable":true,"href":"https:\/\/obscom.intervozes.org.br\/index.php?rest_route=%2Fwp%2Fv2%2Ftags&post=27121"}],"curies":[{"name":"wp","href":"https:\/\/api.w.org\/{rel}","templated":true}]}}