{"id":27119,"date":"2012-09-12T12:48:56","date_gmt":"2012-09-12T12:48:56","guid":{"rendered":"https:\/\/obscom.intervozes.org.br\/wordpress\/?p=27119"},"modified":"2014-09-07T03:02:53","modified_gmt":"2014-09-07T03:02:53","slug":"uma-velha-historia-da-concentracao-entre-midia-e-politicos","status":"publish","type":"post","link":"https:\/\/obscom.intervozes.org.br\/?p=27119","title":{"rendered":"Uma velha hist\u00f3ria da concentra\u00e7\u00e3o entre m\u00eddia e pol\u00edticos"},"content":{"rendered":"<p><span class=\"padrao\">A concentra&ccedil;&atilde;o do poder midi&aacute;tico e pol&iacute;tico por uma mesmo indiv&iacute;duo n&atilde;o aparenta ser novidade na realidade do Brasil. Ven&iacute;cio Lima, professor aposentado do curso de Ci&ecirc;ncia Pol&iacute;tica e Comunica&ccedil;&atilde;o da Universidade de Bras&iacute;lia (UnB), afirma em seu livro sobre a regula&ccedil;&atilde;o das comunica&ccedil;&otilde;es que &ldquo;o v&iacute;nculo entre radiodifus&atilde;o e pol&iacute;tica &eacute; um fen&ocirc;meno fortemente arraigado na cultura e na pr&aacute;tica pol&iacute;tica brasileira que perpassa os tempos de ditadura e os tempos de democracia&rdquo;.<\/p>\n<p>O ponto de vista do professor &eacute; refor&ccedil;ado por algumas pesquisas, como a realizada pelo projeto Donos da M&iacute;dia, que cruzou dados da Ag&ecirc;ncia Nacional de Telecomunica&ccedil;&otilde;es (Anatel) com a lista de prefeitos, governadores, deputados e senadores de todo o pa&iacute;s e descobriu que, no ano de 2008, 271 pol&iacute;ticos eram s&oacute;cios ou diretores de 324 ve&iacute;culos de comunica&ccedil;&atilde;o. Em dezembro de 1980, o Jornal do Brasil j&aacute; havia publicado um levantamento em que listava o nome de 103 pol&iacute;ticos de 16 diferentes estados que controlavam direta ou indiretamente ve&iacute;culos de comunica&ccedil;&atilde;o.<\/p>\n<p><a href=\"http:\/\/localhost\/intervozes_direitoacomunicacao\/wordpress\/?p=27120\" target=\"_blank\"><u><em>Leia mais: Donos da m&iacute;dia lideram corrida por prefeituras de Salvador, S&atilde;o Paulo e Curitiba<\/em><\/u><\/a><\/p>\n<p><strong>Discuss&atilde;o no STF<\/strong><\/p>\n<p>Em dezembro de 2011, o Partido Socialismo e Liberdade (PSOL) entrou com a&ccedil;&atilde;o no Supremo Tribunal Federal contra a outorgas de r&aacute;dio e TV a empresas que possuam pol&iacute;ticos como s&oacute;cios ou associados. Na a&ccedil;&atilde;o elaborada em parceria com o Coletivo Intervozes, o partido afirma que o controle de emissoras por pol&iacute;ticos viola 11 artigos constitucionais, entre eles os direitos fundamentais como o acesso &agrave; informa&ccedil;&atilde;o, a liberdade de express&atilde;o, o pluralismo pol&iacute;tico e a realiza&ccedil;&atilde;o de elei&ccedil;&otilde;es livres. <\/p>\n<p>O julgamento do pedido de liminar proibindo estas outorgas e exigindo que os pol&iacute;ticos se retirem destas empresas ainda aguarda a decis&atilde;o do STF. A Advocacia Geral da Uni&atilde;o e a C&acirc;mara dos Deputados j&aacute; enviaram um parecer para o tribunal alegando n&atilde;o haver nenhuma inconstitucionalidade nas outorgas para pol&iacute;ticos. Ainda falta o Minist&eacute;rio P&uacute;blico Federal se manifestar sobre o caso para ser julgada a medida liminar. Ap&oacute;s esta decis&atilde;o, o processo dever&aacute; ser o julgado em seu m&eacute;rito.<\/p>\n<p><a href=\"http:\/\/localhost\/intervozes_direitoacomunicacao\/wordpress\/?p=26452\" target=\"_blank\"><u><em>Leia mais: STF &eacute; acionado contra concess&atilde;o de r&aacute;dio e TV a pol&iacute;ticos<\/em><\/u><\/a><\/p>\n<p>Confira o perfil dos tr&ecirc;s candidatos l&iacute;deres de pesquisa para as elei&ccedil;&otilde;es para as prefeituras de Salvador, S&atilde;o Paulo e Curitiba.<\/p>\n<p><strong>Salvador<br \/><\/strong><br \/>ACM Neto, l&iacute;der isolado na corrida pela prefeitura de Salvador, &eacute; tamb&eacute;m um dos propriet&aacute;rios da emissora de televis&atilde;o que ocupa a lideran&ccedil;a isolada na capital baiana, afiliada da Rede Globo desde 1989. De acordo com o levantamento feito por Clarissa Amaral em sua pesquisa de mestrado, foram concedidas 114 emissoras de r&aacute;dio e seis de TV aberta para seus familiares e correligion&aacute;rios na Bahia durante o per&iacute;odo em que Ant&ocirc;nio Carlos Magalh&atilde;es, o av&ocirc;, ocupou o cargo de ministro das comunica&ccedil;&otilde;es. Com a TV Bahia &agrave; frente (primeira concess&atilde;o da fam&iacute;lia, adquirida das m&atilde;os do ditador Figueiredo em 1984), houve a reuni&atilde;o posterior dessas concess&otilde;es para a cria&ccedil;&atilde;o do maior e mais poderoso grupo de empresas de comunica&ccedil;&atilde;o do estado. No ano de 2012, a EPTV, de Ribeir&atilde;o Preto, passou a integrar oficialmente o quadro de acionistas, obtendo um ter&ccedil;o da propriedade e incorporando a participa&ccedil;&atilde;o de n&atilde;o familiares no grupo.<br \/>&nbsp;<br \/><strong>S&atilde;o Paulo<br \/><\/strong><br \/>Celso Russomano, &agrave; frente da competi&ccedil;&atilde;o pela prefeitura de S&atilde;o Paulo, &eacute; arrendat&aacute;rio pelo menos desde 2011 de uma emissora de r&aacute;dio do interior do estado, na pequena cidade de Leme (cerca de 90 mil habitantes). A concess&atilde;o encontra-se em nome de um m&eacute;dico do interior do Par&aacute; que seria seu parente distante, segundo declarou o candidato &agrave; imprensa. O pol&iacute;tico det&eacute;m pouco mais do que a metade do capital social da empresa, sendo que o restante encontra-se nas m&atilde;os de familiares, de acordo com mat&eacute;ria publicada na Folha de S&atilde;o Paulo no m&ecirc;s de agosto de 2012. A transfer&ecirc;ncia da concess&atilde;o sem o pedido de autoriza&ccedil;&atilde;o do Minist&eacute;rio das Comunica&ccedil;&otilde;es e em menos de cinco anos de autorizada &eacute; considerada pr&aacute;tica ilegal e, se comprovada, pode resultar em cassa&ccedil;&atilde;o por parte do Estado.<\/p>\n<p><strong>Curitiba<br \/><\/strong><br \/>Ratinho Jr. &eacute;, dos tr&ecirc;s candidatos, o &uacute;nico que n&atilde;o se encontra isolado na lideran&ccedil;a das pesquisa eleitorais sobre inten&ccedil;&atilde;o de votos, embora tenha se apresentado por um per&iacute;odo &agrave; frente do atual prefeito da capital paranaense, Luciano Ducci, seu principal concorrente. Det&eacute;m um ter&ccedil;o das a&ccedil;&otilde;es da Rede Massa de Comunica&ccedil;&atilde;o, empresa criada por seu pai em 2008, afiliada ao SBT. Os ve&iacute;culos do grupo, composto por quatro emissoras de TV e seis emissoras FM, vinculam-se aos demais investimentos da fam&iacute;lia no ramo do agroneg&oacute;cio sob o nome de Grupo Massa. O candidato &eacute; filho do apresentador Carlos Massa &#8211; o Ratinho, conhecido em todo o pa&iacute;s pelos programas de TV sensacionalistas que apresenta, al&eacute;m de j&aacute; ter sido tamb&eacute;m vereador na pequena cidade de Jandaia do Sul e em Curitiba, ambas no Paran&aacute;, e deputado federal antes de seu sucesso na televis&atilde;o.<\/span>  <\/p>\n","protected":false},"excerpt":{"rendered":"<p><span class=\"padrao\">Pesquisas mostram o hist&oacute;rico de concentra&ccedil;&atilde;o entre o poder midi&aacute;tico e o poder pol&iacute;tico. A&ccedil;&atilde;o do Partido Socialismo e Liberdade (PSOL) no Supremo Tribunal Federal pede a incostitucionalidade das outorgas de r&aacute;dio e TV para pol&iacute;ticos.<\/span><\/p>\n","protected":false},"author":1,"featured_media":0,"comment_status":"open","ping_status":"open","sticky":false,"template":"","format":"standard","meta":{"footnotes":""},"categories":[40],"tags":[864],"_links":{"self":[{"href":"https:\/\/obscom.intervozes.org.br\/index.php?rest_route=\/wp\/v2\/posts\/27119"}],"collection":[{"href":"https:\/\/obscom.intervozes.org.br\/index.php?rest_route=\/wp\/v2\/posts"}],"about":[{"href":"https:\/\/obscom.intervozes.org.br\/index.php?rest_route=\/wp\/v2\/types\/post"}],"author":[{"embeddable":true,"href":"https:\/\/obscom.intervozes.org.br\/index.php?rest_route=\/wp\/v2\/users\/1"}],"replies":[{"embeddable":true,"href":"https:\/\/obscom.intervozes.org.br\/index.php?rest_route=%2Fwp%2Fv2%2Fcomments&post=27119"}],"version-history":[{"count":2,"href":"https:\/\/obscom.intervozes.org.br\/index.php?rest_route=\/wp\/v2\/posts\/27119\/revisions"}],"predecessor-version":[{"id":28302,"href":"https:\/\/obscom.intervozes.org.br\/index.php?rest_route=\/wp\/v2\/posts\/27119\/revisions\/28302"}],"wp:attachment":[{"href":"https:\/\/obscom.intervozes.org.br\/index.php?rest_route=%2Fwp%2Fv2%2Fmedia&parent=27119"}],"wp:term":[{"taxonomy":"category","embeddable":true,"href":"https:\/\/obscom.intervozes.org.br\/index.php?rest_route=%2Fwp%2Fv2%2Fcategories&post=27119"},{"taxonomy":"post_tag","embeddable":true,"href":"https:\/\/obscom.intervozes.org.br\/index.php?rest_route=%2Fwp%2Fv2%2Ftags&post=27119"}],"curies":[{"name":"wp","href":"https:\/\/api.w.org\/{rel}","templated":true}]}}