{"id":27116,"date":"2012-09-11T18:53:31","date_gmt":"2012-09-11T18:53:31","guid":{"rendered":"https:\/\/obscom.intervozes.org.br\/wordpress\/?p=27116"},"modified":"2012-09-11T18:53:31","modified_gmt":"2012-09-11T18:53:31","slug":"ministerio-publico-de-pernambuco-vai-pedir-retratacao-a-entidade-responsavel-por-anuncio-homofobico","status":"publish","type":"post","link":"https:\/\/obscom.intervozes.org.br\/?p=27116","title":{"rendered":"Minist\u00e9rio P\u00fablico de Pernambuco vai pedir retrata\u00e7\u00e3o a entidade respons\u00e1vel por an\u00fancio homof\u00f3bico"},"content":{"rendered":"<p><span class=\"padrao\">O Minist&eacute;rio P&uacute;blico de Pernambuco recebeu nesta quarta-feira (5 de setembro) uma representa&ccedil;&atilde;o assinada por 40 entidades de direitos humanos, representativas de diversos segmentos. No documento, os ativistas pedem a investiga&ccedil;&atilde;o e o cumprimento da lei no que diz respeito &agrave; publica&ccedil;&atilde;o de um an&uacute;ncio no jornal Folha de Pernambuco em que o Instituto Pr&oacute; Vida compara homossexuais e prostitutas a pessoas que cometem atos de viol&ecirc;ncia contra crian&ccedil;as e adolescentes. &ldquo;A liberdade de express&atilde;o &eacute; um princ&iacute;pio constitucional, mas n&atilde;o se sobrep&otilde;e a outros como a dignidade da pessoa humana&rdquo;, admitiu&nbsp; Maxwell Vignoli, titular da oitava promotoria de Direitos Humanos do MPPE. No Recife, por exemplo, j&aacute; existe uma lei que reprime atos de homofobia (17025\/04), que poder&aacute; ser aplicada.<\/p>\n<p>O promotor dever&aacute; agora chamar os respons&aacute;veis pela entidade que assina a pe&ccedil;a publicit&aacute;ria e pedir extrajudicialmente que se retratem. Para os representantes dos movimentos presentes &agrave; reuni&atilde;o, uma solu&ccedil;&atilde;o seria a publica&ccedil;&atilde;o, paga pelo Pr&oacute;-Vida, de um an&uacute;ncio de mesmo tamanho e destaque, no mesmo jornal, que versasse sobre o respeito &agrave; diversidade. Vignoli tamb&eacute;m poder&aacute; emitir uma recomenda&ccedil;&atilde;o do Minist&eacute;rio P&uacute;blico a todas as empresas de comunica&ccedil;&atilde;o pernambucanas advertindo que s&atilde;o respons&aacute;veis pelo que publicam e solicitando que n&atilde;o mais aceitem &ndash; nem em seu espa&ccedil;o comercial &ndash; mensagens que disseminem o preconceito e o &oacute;dio.&rdquo;A leis existem, mas &agrave;s vezes &eacute; bom lembr&aacute;-las&rdquo;, disse o promotor.<\/p>\n<p>&ldquo;A&ccedil;&otilde;es como esta s&atilde;o importantes para que um caso como este n&atilde;o se repita em outros jornais ou em qualquer outro ve&iacute;culo de informa&ccedil;&atilde;o&rdquo;, avaliou Juliana C&eacute;sar, representante da ONG Gestos e do F&oacute;rum de Mulheres de Pernambuco.<\/p>\n<p>Para os ativistas da causa LGBT, a Folha j&aacute; est&aacute; fazendo sua parte para reparar o dano causado pelo an&uacute;ncio. &ldquo;Trata-se de um ve&iacute;culo com o qual temos um di&aacute;logo permanente. Al&eacute;m de reconhecer o erro no espa&ccedil;o mais nobre da publica&ccedil;&atilde;o, tamb&eacute;m est&atilde;o conversando conosco para encontrarmos outras maneiras de reafirmar seu compromisso com a diversidade sexual&rdquo;, afirmou Vald&eacute;cio da Silva J&uacute;nior, vice-presidente do Movimento Gay Le&otilde;es do Norte.<\/p>\n<p>O jornal retratou-se nesta ter&ccedil;a-feira atrav&eacute;s da internet e, um dia depois, com nota desculpando-se na primeira p&aacute;gina da edi&ccedil;&atilde;o impressa.<\/p>\n<p><\/span><\/p>\n","protected":false},"excerpt":{"rendered":"<p><span class=\"padrao\"><br \/><\/span><\/p>\n","protected":false},"author":1,"featured_media":0,"comment_status":"open","ping_status":"open","sticky":false,"template":"","format":"standard","meta":{"footnotes":""},"categories":[40],"tags":[291],"_links":{"self":[{"href":"https:\/\/obscom.intervozes.org.br\/index.php?rest_route=\/wp\/v2\/posts\/27116"}],"collection":[{"href":"https:\/\/obscom.intervozes.org.br\/index.php?rest_route=\/wp\/v2\/posts"}],"about":[{"href":"https:\/\/obscom.intervozes.org.br\/index.php?rest_route=\/wp\/v2\/types\/post"}],"author":[{"embeddable":true,"href":"https:\/\/obscom.intervozes.org.br\/index.php?rest_route=\/wp\/v2\/users\/1"}],"replies":[{"embeddable":true,"href":"https:\/\/obscom.intervozes.org.br\/index.php?rest_route=%2Fwp%2Fv2%2Fcomments&post=27116"}],"version-history":[{"count":0,"href":"https:\/\/obscom.intervozes.org.br\/index.php?rest_route=\/wp\/v2\/posts\/27116\/revisions"}],"wp:attachment":[{"href":"https:\/\/obscom.intervozes.org.br\/index.php?rest_route=%2Fwp%2Fv2%2Fmedia&parent=27116"}],"wp:term":[{"taxonomy":"category","embeddable":true,"href":"https:\/\/obscom.intervozes.org.br\/index.php?rest_route=%2Fwp%2Fv2%2Fcategories&post=27116"},{"taxonomy":"post_tag","embeddable":true,"href":"https:\/\/obscom.intervozes.org.br\/index.php?rest_route=%2Fwp%2Fv2%2Ftags&post=27116"}],"curies":[{"name":"wp","href":"https:\/\/api.w.org\/{rel}","templated":true}]}}