{"id":27112,"date":"2012-09-11T18:21:27","date_gmt":"2012-09-11T18:21:27","guid":{"rendered":"https:\/\/obscom.intervozes.org.br\/wordpress\/?p=27112"},"modified":"2012-09-11T18:21:27","modified_gmt":"2012-09-11T18:21:27","slug":"seminario-e-oficina-do-ministerio-da-cultura-discutem-politicas-comunicacao-para-a-cultura","status":"publish","type":"post","link":"https:\/\/obscom.intervozes.org.br\/?p=27112","title":{"rendered":"Semin\u00e1rio e oficina do Minist\u00e9rio da Cultura discutem pol\u00edticas comunica\u00e7\u00e3o para a cultura"},"content":{"rendered":"<p><span class=\"padrao\">Nos pr&oacute;ximos dias 17, 18 e 19 de setembro, o Minist&eacute;rio da Cultura realiza duas atividades no Rio de Janeiro que visam discutir a formula&ccedil;&atilde;o de pol&iacute;ticas p&uacute;blicas de comunica&ccedil;&atilde;o para a cultura no Brasil. O Semin&aacute;rio Nacional de Comunica&ccedil;&atilde;o para a Cultura ser&aacute; aberto &agrave; participa&ccedil;&atilde;o do p&uacute;blico, com a proposta de reunir ideias e discutir propostas para a &aacute;rea, a partir da perspectiva do poder p&uacute;blico, das universidades, das fazedoras e fazedores de cultura, dos comunicadores populares e dos movimentos organizados que atuam com comunica&ccedil;&atilde;o e cultura.<\/p>\n<p>Durante o semin&aacute;rio ser&aacute; tamb&eacute;m apresentado ao p&uacute;blico o programa Comunica Diversidade, cujo intuito &eacute; estimular iniciativas que ampliem e promovam o direito &agrave; comunica&ccedil;&atilde;o e o exerc&iacute;cio pleno da liberdade de express&atilde;o cultural. O semin&aacute;rio acontece no dia 18 de setembro.<\/p>\n<p>Nos dias 17 e 19 acontece a Oficina Comunica Diversidade: Construindo A&ccedil;&otilde;es, com o objetivo de contribuir na estrutura&ccedil;&atilde;o de um plano setorial de metas que possa cumprir as delibera&ccedil;&otilde;es do Plano Nacional de Cultura (PNC) at&eacute; 2020. A participa&ccedil;&atilde;o da sociedade civil na oficina &eacute; estimulada para que as a&ccedil;&otilde;es pol&iacute;ticas resultantes do debate sejam coletivas e reflitam a diversidade brasileira.<\/p>\n<p>O semin&aacute;rio e a oficina s&atilde;o uma iniciativa do Minist&eacute;rio da Cultura e da Funda&ccedil;&atilde;o Oswaldo Cruz (FIOCRUZ). Para participar, &eacute; necess&aacute;rio se inscrever aqui. Os custos de hospedagem, alimenta&ccedil;&atilde;o e deslocamento s&atilde;o de responsabilidade dos participantes. As vagas s&atilde;o limitadas a 200 participantes.<\/p>\n<p><strong>Semin&aacute;rio Nacional<\/strong><br \/>Dia 18\/09, das 9h30 &agrave;s 19h, audit&oacute;rio Gilberto Freire do Pal&aacute;cio Capanema (rua da Imprensa, 16, Centro, Rio de Janeiro)<\/p>\n<p><strong>Oficina Comunica Diversidade: Construindo A&ccedil;&otilde;es<\/strong><br \/>Dias 17\/09 e 19\/09, das 9h30 &agrave;s 19h, Hotel Scorial (rua Bento Lisboa, 155, Largo do Machado, Rio de Janeiro)<\/p>\n<p>Telefones para contato: (61) 2024-2276\/2291\/2235<br \/>Endere&ccedil;o eletr&ocirc;nico: comunicacaoparaculturaminc@gmail.com<\/p>\n<p><\/span><\/p>\n","protected":false},"excerpt":{"rendered":"<p>Nos pr&oacute;ximos dias 17, 18 e 19 de setembro, o Minist&eacute;rio da Cultura realiza duas atividades no Rio de Janeiro que visam discutir a formula&ccedil;&atilde;o de pol&iacute;ticas p&uacute;blicas de comunica&ccedil;&atilde;o para a cultura no Brasil. O Semin&aacute;rio Nacional de Comunica&ccedil;&atilde;o para a Cultura ser&aacute; aberto &agrave; participa&ccedil;&atilde;o do p&uacute;blico, com a proposta de reunir ideias &hellip; <a href=\"https:\/\/obscom.intervozes.org.br\/?p=27112\" class=\"more-link\">Continue lendo <span class=\"screen-reader-text\">Semin\u00e1rio e oficina do Minist\u00e9rio da Cultura discutem pol\u00edticas comunica\u00e7\u00e3o para a cultura<\/span> <span class=\"meta-nav\">&rarr;<\/span><\/a><\/p>\n","protected":false},"author":1,"featured_media":0,"comment_status":"open","ping_status":"open","sticky":false,"template":"","format":"standard","meta":{"footnotes":""},"categories":[40],"tags":[350],"_links":{"self":[{"href":"https:\/\/obscom.intervozes.org.br\/index.php?rest_route=\/wp\/v2\/posts\/27112"}],"collection":[{"href":"https:\/\/obscom.intervozes.org.br\/index.php?rest_route=\/wp\/v2\/posts"}],"about":[{"href":"https:\/\/obscom.intervozes.org.br\/index.php?rest_route=\/wp\/v2\/types\/post"}],"author":[{"embeddable":true,"href":"https:\/\/obscom.intervozes.org.br\/index.php?rest_route=\/wp\/v2\/users\/1"}],"replies":[{"embeddable":true,"href":"https:\/\/obscom.intervozes.org.br\/index.php?rest_route=%2Fwp%2Fv2%2Fcomments&post=27112"}],"version-history":[{"count":0,"href":"https:\/\/obscom.intervozes.org.br\/index.php?rest_route=\/wp\/v2\/posts\/27112\/revisions"}],"wp:attachment":[{"href":"https:\/\/obscom.intervozes.org.br\/index.php?rest_route=%2Fwp%2Fv2%2Fmedia&parent=27112"}],"wp:term":[{"taxonomy":"category","embeddable":true,"href":"https:\/\/obscom.intervozes.org.br\/index.php?rest_route=%2Fwp%2Fv2%2Fcategories&post=27112"},{"taxonomy":"post_tag","embeddable":true,"href":"https:\/\/obscom.intervozes.org.br\/index.php?rest_route=%2Fwp%2Fv2%2Ftags&post=27112"}],"curies":[{"name":"wp","href":"https:\/\/api.w.org\/{rel}","templated":true}]}}