{"id":27108,"date":"2012-09-11T16:31:36","date_gmt":"2012-09-11T16:31:36","guid":{"rendered":"https:\/\/obscom.intervozes.org.br\/wordpress\/?p=27108"},"modified":"2012-09-11T16:31:36","modified_gmt":"2012-09-11T16:31:36","slug":"audiencia-publica-debate-impacto-de-novo-sistema-de-radio-digital-para-radios-brasileiras","status":"publish","type":"post","link":"https:\/\/obscom.intervozes.org.br\/?p=27108","title":{"rendered":"Audi\u00eancia P\u00fablica debate impacto de novo sistema de r\u00e1dio digital para r\u00e1dios brasileiras"},"content":{"rendered":"<p>Na &uacute;ltima ter&ccedil;a-feira (4\/9), a Frente Parlamentar pela Liberdade de Express&atilde;o e pelo Direito &agrave; Comunica&ccedil;&atilde;o com Participa&ccedil;&atilde;o Popular debateu o impacto do novo sistema de r&aacute;dio digital para as r&aacute;dios brasileiras, informou o portal Correio do Brasil. A escolha deve ser feita em breve. Independente da decis&atilde;o, o ouvinte ter&aacute; que comprar um receptor para o r&aacute;dio digital.<\/p>\n<p>Existem dois modelos credenciados para a escolha no Brasil, o R&aacute;dio Digital Mundial, que atende pela sigla DRM, um padr&atilde;o de r&aacute;dio digital aberto desenvolvido por um cons&oacute;rcio global; e o HD Radio, usado nos EUA e no M&eacute;xico, um sistema fechado.<\/p>\n<p>Os dois padr&otilde;es est&atilde;o sendo testados por r&aacute;dios p&uacute;blicas, comunit&aacute;rias e comerciais. Os resultados ser&atilde;o discutidos no conselho consultivo do Minist&eacute;rio das Comunica&ccedil;&otilde;es, que ainda vai ser empossado. O representante das r&aacute;dios comunit&aacute;rias na audi&ecirc;ncia, Jos&eacute; S&oacute;ter, quer incluir no debate a possibilidade de a ind&uacute;stria brasileira desenvolver um terceiro padr&atilde;o.<\/p>\n<p>No sistema americano, o HD Radio, tamb&eacute;m conhecido como Iboc, a transmiss&atilde;o &eacute; feita no mesmo canal de frequ&ecirc;ncia AM ou FM, algo mais amig&aacute;vel ao h&aacute;bito do usu&aacute;rio de r&aacute;dio convencional. No entanto, o alto custo da tecnologia aos pequenos radiodifusores &eacute; motivo de cr&iacute;ticas.<\/p>\n<p>A coordenadora da frente, deputada Luiza Erundina (PSB-SP), disse que ainda n&atilde;o tem prefer&ecirc;ncia por um dos padr&otilde;es. Ela afirmou que vai acompanhar o debate e que pretende colocar o assunto em discuss&atilde;o no Conselho de Comunica&ccedil;&atilde;o Social do Congresso Nacional. &ldquo;O conselho ter&aacute; que dar a sua opini&atilde;o a respeito [do padr&atilde;o digital] quando essa decis&atilde;o estiver sendo tomada.&rdquo;<\/p>\n","protected":false},"excerpt":{"rendered":"<p>Na &uacute;ltima ter&ccedil;a-feira (4\/9), a Frente Parlamentar pela Liberdade de Express&atilde;o e pelo Direito &agrave; Comunica&ccedil;&atilde;o com Participa&ccedil;&atilde;o Popular debateu o impacto do novo sistema de r&aacute;dio digital para as r&aacute;dios brasileiras, informou o portal Correio do Brasil. A escolha deve ser feita em breve. Independente da decis&atilde;o, o ouvinte ter&aacute; que comprar um receptor &hellip; <a href=\"https:\/\/obscom.intervozes.org.br\/?p=27108\" class=\"more-link\">Continue lendo <span class=\"screen-reader-text\">Audi\u00eancia P\u00fablica debate impacto de novo sistema de r\u00e1dio digital para r\u00e1dios brasileiras<\/span> <span class=\"meta-nav\">&rarr;<\/span><\/a><\/p>\n","protected":false},"author":1,"featured_media":0,"comment_status":"open","ping_status":"open","sticky":false,"template":"","format":"standard","meta":{"footnotes":""},"categories":[40],"tags":[601],"_links":{"self":[{"href":"https:\/\/obscom.intervozes.org.br\/index.php?rest_route=\/wp\/v2\/posts\/27108"}],"collection":[{"href":"https:\/\/obscom.intervozes.org.br\/index.php?rest_route=\/wp\/v2\/posts"}],"about":[{"href":"https:\/\/obscom.intervozes.org.br\/index.php?rest_route=\/wp\/v2\/types\/post"}],"author":[{"embeddable":true,"href":"https:\/\/obscom.intervozes.org.br\/index.php?rest_route=\/wp\/v2\/users\/1"}],"replies":[{"embeddable":true,"href":"https:\/\/obscom.intervozes.org.br\/index.php?rest_route=%2Fwp%2Fv2%2Fcomments&post=27108"}],"version-history":[{"count":0,"href":"https:\/\/obscom.intervozes.org.br\/index.php?rest_route=\/wp\/v2\/posts\/27108\/revisions"}],"wp:attachment":[{"href":"https:\/\/obscom.intervozes.org.br\/index.php?rest_route=%2Fwp%2Fv2%2Fmedia&parent=27108"}],"wp:term":[{"taxonomy":"category","embeddable":true,"href":"https:\/\/obscom.intervozes.org.br\/index.php?rest_route=%2Fwp%2Fv2%2Fcategories&post=27108"},{"taxonomy":"post_tag","embeddable":true,"href":"https:\/\/obscom.intervozes.org.br\/index.php?rest_route=%2Fwp%2Fv2%2Ftags&post=27108"}],"curies":[{"name":"wp","href":"https:\/\/api.w.org\/{rel}","templated":true}]}}