{"id":27105,"date":"2012-09-11T16:26:34","date_gmt":"2012-09-11T16:26:34","guid":{"rendered":"https:\/\/obscom.intervozes.org.br\/wordpress\/?p=27105"},"modified":"2012-09-11T16:26:34","modified_gmt":"2012-09-11T16:26:34","slug":"projeto-do-conselho-de-comunicacao-do-rs-aguarda-contribuicoes","status":"publish","type":"post","link":"https:\/\/obscom.intervozes.org.br\/?p=27105","title":{"rendered":"Projeto do Conselho de Comunica\u00e7\u00e3o do RS aguarda contribui\u00e7\u00f5es"},"content":{"rendered":"<p><strong>Reda&ccedil;&atilde;o &#8211; Coletiva.net<\/strong><\/p>\n<p>A consulta p&uacute;blica sobre a cria&ccedil;&atilde;o do Conselho Estadual de Comunica&ccedil;&atilde;o Social recebe contribui&ccedil;&otilde;es at&eacute; dia 13 deste m&ecirc;s, atrav&eacute;s do site do Gabinete Digital. Conforme apurado por Coletiva.net, desde o in&iacute;cio do processo de colabora&ccedil;&atilde;o, em 10 de agosto, a p&aacute;gina recebeu cerca de 9 mil acessos &uacute;nicos e registra 37 contribui&ccedil;&otilde;es. Para a diretora de Pol&iacute;ticas P&uacute;blicas da Secretaria de Comunica&ccedil;&atilde;o e Inclus&atilde;o Digital (Secom), Claudia Cardoso, a participa&ccedil;&atilde;o &eacute; considerada razo&aacute;vel, se for levado em conta que a consulta est&aacute; no ar h&aacute; quase um m&ecirc;s. &ldquo;A expectativa, agora, &eacute; que as contribui&ccedil;&otilde;es aumentem com a proximidade do prazo-limite&rdquo;, explicou Claudia, ao Coletiva.net.<\/p>\n<p>Para participar, &eacute; necess&aacute;rio cadastrar-se na p&aacute;gina. A sociedade pode sugerir altera&ccedil;&otilde;es no projeto de lei e entidades, empresas ou institui&ccedil;&otilde;es para integrar o &oacute;rg&atilde;o &#8211; n&atilde;o ser&atilde;o aceitas indica&ccedil;&otilde;es de pessoas f&iacute;sicas. Conforme a proposta, o Conselho ter&aacute; 17 vagas, a serem preenchidas pela sociedade civil organizada. Os integrantes representar&atilde;o entidades de classe dos profissionais da comunica&ccedil;&atilde;o, empresas e institui&ccedil;&otilde;es representativas do setor, institui&ccedil;&otilde;es da sociedade civil e movimentos sociais, entidades ligadas &agrave; comunica&ccedil;&atilde;o comunit&aacute;ria e institui&ccedil;&otilde;es de ensino e pesquisa da &aacute;rea da comunica&ccedil;&atilde;o social.<\/p>\n<p>Ap&oacute;s o encerramento da consulta, as sugest&otilde;es ser&atilde;o apresentadas em um semin&aacute;rio previsto para outubro e, em seguida, o projeto de lei seguir&aacute; para aprecia&ccedil;&atilde;o da Assembleia Legislativa. Se aprovada, a proposta ser&aacute; encaminhada para san&ccedil;&atilde;o do governador.<\/p>\n","protected":false},"excerpt":{"rendered":"<p>Reda&ccedil;&atilde;o &#8211; Coletiva.net A consulta p&uacute;blica sobre a cria&ccedil;&atilde;o do Conselho Estadual de Comunica&ccedil;&atilde;o Social recebe contribui&ccedil;&otilde;es at&eacute; dia 13 deste m&ecirc;s, atrav&eacute;s do site do Gabinete Digital. Conforme apurado por Coletiva.net, desde o in&iacute;cio do processo de colabora&ccedil;&atilde;o, em 10 de agosto, a p&aacute;gina recebeu cerca de 9 mil acessos &uacute;nicos e registra 37 &hellip; <a href=\"https:\/\/obscom.intervozes.org.br\/?p=27105\" class=\"more-link\">Continue lendo <span class=\"screen-reader-text\">Projeto do Conselho de Comunica\u00e7\u00e3o do RS aguarda contribui\u00e7\u00f5es<\/span> <span class=\"meta-nav\">&rarr;<\/span><\/a><\/p>\n","protected":false},"author":1,"featured_media":0,"comment_status":"open","ping_status":"open","sticky":false,"template":"","format":"standard","meta":{"footnotes":""},"categories":[39],"tags":[],"_links":{"self":[{"href":"https:\/\/obscom.intervozes.org.br\/index.php?rest_route=\/wp\/v2\/posts\/27105"}],"collection":[{"href":"https:\/\/obscom.intervozes.org.br\/index.php?rest_route=\/wp\/v2\/posts"}],"about":[{"href":"https:\/\/obscom.intervozes.org.br\/index.php?rest_route=\/wp\/v2\/types\/post"}],"author":[{"embeddable":true,"href":"https:\/\/obscom.intervozes.org.br\/index.php?rest_route=\/wp\/v2\/users\/1"}],"replies":[{"embeddable":true,"href":"https:\/\/obscom.intervozes.org.br\/index.php?rest_route=%2Fwp%2Fv2%2Fcomments&post=27105"}],"version-history":[{"count":0,"href":"https:\/\/obscom.intervozes.org.br\/index.php?rest_route=\/wp\/v2\/posts\/27105\/revisions"}],"wp:attachment":[{"href":"https:\/\/obscom.intervozes.org.br\/index.php?rest_route=%2Fwp%2Fv2%2Fmedia&parent=27105"}],"wp:term":[{"taxonomy":"category","embeddable":true,"href":"https:\/\/obscom.intervozes.org.br\/index.php?rest_route=%2Fwp%2Fv2%2Fcategories&post=27105"},{"taxonomy":"post_tag","embeddable":true,"href":"https:\/\/obscom.intervozes.org.br\/index.php?rest_route=%2Fwp%2Fv2%2Ftags&post=27105"}],"curies":[{"name":"wp","href":"https:\/\/api.w.org\/{rel}","templated":true}]}}