{"id":27102,"date":"2012-09-10T15:18:49","date_gmt":"2012-09-10T15:18:49","guid":{"rendered":"https:\/\/obscom.intervozes.org.br\/wordpress\/?p=27102"},"modified":"2012-09-10T15:18:49","modified_gmt":"2012-09-10T15:18:49","slug":"desoneracao-de-impostos-para-teles-aguarda-decisao-de-dilma-rousseff","status":"publish","type":"post","link":"https:\/\/obscom.intervozes.org.br\/?p=27102","title":{"rendered":"Desonera\u00e7\u00e3o de impostos para teles aguarda decis\u00e3o de Dilma Rousseff"},"content":{"rendered":"<p>A Medida Provis&oacute;ria (MP) que cria um regime especial de tributa&ccedil;&atilde;o para o Programa Nacional de Banda Larga (PNBL) e reduz a cobran&ccedil;a do Fundo de Fiscaliza&ccedil;&atilde;o das Telecomunica&ccedil;&otilde;es (Fistel) para equipamentos de comunica&ccedil;&atilde;o &ldquo;m&aacute;quina a m&aacute;quina&rdquo; ainda aguarda para ser sancionada pela presidenta Dilma Rousseff. A MP 563\/2012, resultante do Projeto de Lei de Convers&atilde;o (PLV) n&ordm; 18\/2012, foi aprovada pelo Senado Federal em 8 de agosto.<\/p>\n<p>Por um erro de procedimento, a MP teve sua tramita&ccedil;&atilde;o atrasada. Na vers&atilde;o do texto enviado &agrave; san&ccedil;&atilde;o presidencial faltou uma linha pontilhada que foi omitida no processo de impress&atilde;o do projeto, ainda na C&acirc;mara dos Deputados. A aus&ecirc;ncia dessa linha, de acordo com o secret&aacute;rio-geral da C&acirc;mara, S&eacute;rgio Sampaio, tem reflexos no texto da MP e por isso ela retornou ao Senado Federal, de onde foi encaminhada para a presidenta Dilma.<\/p>\n<p>Com o retorno da MP ao Senado Federal, o prazo para o governo analisar as emendas feitas &agrave; MP no Congresso fica maior: em vez de 15 dias &uacute;teis contados a partir da primeira data em que foi encaminhada ao Planalto, a contagem foi a partir da data em que a MP foi reencaminhada &agrave; san&ccedil;&atilde;o (27\/08). Assim, a presidenta Dilma Rousseff tem agora at&eacute; o dia 17 de setembro para sancionar ou vetar a medida. A MP 563 foi editada pela presidenta em 3 de abril deste ano, com 54 artigos, e saiu do Congresso com 79.<\/p>\n<p><strong>Mudan&ccedil;as no setor de telecomunica&ccedil;&otilde;es<br \/><\/strong><br \/>Com a aprova&ccedil;&atilde;o e san&ccedil;&atilde;o da MP, alguns benef&iacute;cios ser&atilde;o concedidos pelo governo, por meio de desonera&ccedil;&atilde;o fiscal, &agrave;s empresas que atuam no setor de telecomunica&ccedil;&otilde;es com a finalidade de estimular investimentos e moderniza&ccedil;&atilde;o da &aacute;rea. Entre os benef&iacute;cios est&atilde;o a desonera&ccedil;&atilde;o de impostos federais para a constru&ccedil;&atilde;o de redes de telecomunica&ccedil;&otilde;es, a redu&ccedil;&atilde;o da cobran&ccedil;a do Fistel para equipamentos de machine-to-machine (m&aacute;quina a m&aacute;quina), a desonera&ccedil;&atilde;o de smartphones e a possibilidade de o Executivo compensar empresas de telecomunica&ccedil;&otilde;es que invistam em projetos estrat&eacute;gicos aprovados pelo governo com &ldquo;cr&eacute;ditos tribut&aacute;rios&quot; provenientes do Fistel recolhido por estas empresas. Na pr&aacute;tica, o Estado estar&aacute; trocando o recurso do Fistel que receberia por investimentos privados em projetos de telecomunica&ccedil;&otilde;es considerados estrat&eacute;gicos pelo governo.<\/p>\n<p>O integrante do Coletivo Intervozes Jo&atilde;o Brant questiona a medida por considerar que o governo est&aacute; abrindo m&atilde;o de recurso p&uacute;blico para investir em patrim&ocirc;nio privado. &quot;O governo abre m&atilde;o de recursos p&uacute;blicos para incentivar um investimento que deveria ser obriga&ccedil;&atilde;o das operadoras&quot;, critica Brant. &quot;Bastaria um decreto da Presid&ecirc;ncia da Rep&uacute;blica para alterar o regime de presta&ccedil;&atilde;o dos servi&ccedil;os de telecomunica&ccedil;&otilde;es e permitir que o governo imponha metas de universaliza&ccedil;&atilde;o, com atualiza&ccedil;&atilde;o peri&oacute;dica&quot;, sugere.<\/p>\n<p>O representante do Intervozes tamb&eacute;m chama aten&ccedil;&atilde;o para que tipo de projeto ser&aacute; negociado por redu&ccedil;&atilde;o na cobran&ccedil;a do Fistel. &quot;&Eacute; preciso definir crit&eacute;rios precisos para &#39;projeto estrat&eacute;gico&#39;, para deixar claros os objetivos da pol&iacute;tica p&uacute;blica. Sem isso, o processo fica sujeito a um alto grau de discricionariedade&quot;, observa Brant. <\/p>\n<p><strong>Representantes das teles comemoram benef&iacute;cio fiscal<br \/><\/strong><br \/>J&aacute; representantes das empresas de telecomunica&ccedil;&otilde;es comemoram os aspectos da MP 563\/2012 voltados para o setor, sobretudo o que se refere &agrave; redu&ccedil;&atilde;o na taxa do Fistel. &ldquo;&Eacute; a primeira vez que se consegue uma redu&ccedil;&atilde;o no Fistel. &Eacute; um fundo muito oneroso, e o que n&oacute;s estamos conseguindo com a aprova&ccedil;&atilde;o dessa medida &eacute; um fato in&eacute;dito que nos deixa muito satisfeitos e esperan&ccedil;osos, porque at&eacute; ent&atilde;o, na luta do setor contra impostos, foi uma sucess&atilde;o de derrotas. A taxa&ccedil;&atilde;o no setor s&oacute; vinha aumentando nos &uacute;ltimos anos&rdquo;, declara Carlos Duprat, diretor de comiss&otilde;es do Sinditelebrasil (Sindicato Nacional das Empresas de Telefonia e Servi&ccedil;o M&oacute;vel Celular e Pessoal).<\/p>\n<p>&ldquo;Estamos conseguindo reduzir principalmente o que n&oacute;s chamamos de servi&ccedil;o m&aacute;quina a m&aacute;quina, que s&atilde;o aplica&ccedil;&otilde;es que n&atilde;o envolvem diretamente o ser humano, como por exemplo, o cart&atilde;o de cr&eacute;dito com a sua central do banco, o carro com a sua central de seguros. Este &eacute; um segmento que deve desenvolver bastante ao longo dos pr&oacute;ximos anos e o valor que a gente cobrava certamente seria um impedimento para que a nossa economia digital prosperasse como o resto do mundo vai fazer&rdquo;, ressalta Duprat.<\/p>\n<p>De acordo com o Sinditelebrasil, o maior peso do Fistel &eacute; sentido na telefonia m&oacute;vel, j&aacute; que as prestadoras t&ecirc;m que pagar R$ 26,83 na habilita&ccedil;&atilde;o e R$ 13,42 anualmente sobre cada celular em funcionamento. &ldquo;O impacto dessa taxa sobre os custos da presta&ccedil;&atilde;o dos servi&ccedil;os tem sido cada vez mais forte com o crescimento vertiginoso da base de celulares no pa&iacute;s, que alcan&ccedil;ou 253 milh&otilde;es em abril&rdquo;, informa a entidade.<\/p>\n<p>Ainda segundo o Sinditelebrasil, &ldquo;desde 2001, mais de R$ 35 bilh&otilde;es j&aacute; foram recolhidos ao Fistel, mas menos de 2% desse total foram aplicados na sua finalidade original, que &eacute; a fiscaliza&ccedil;&atilde;o, pelo &oacute;rg&atilde;o regulador, da presta&ccedil;&atilde;o dos servi&ccedil;os de telecomunica&ccedil;&otilde;es. Os 98% desses R$ 35 bilh&otilde;es n&atilde;o foram aplicados de acordo com a lei que o instituiu&rdquo;.<\/p>\n<p><strong>Para que serve o Fistel?<br \/><\/strong><br \/>O Fistel foi criado em 1966, por meio da Lei n&ordm; 5.070, de 07 de julho de 1966, para cobrir as despesas feitas pelo Governo Federal na fiscaliza&ccedil;&atilde;o de servi&ccedil;os de telecomunica&ccedil;&otilde;es,&nbsp; executadas pelo Minist&eacute;rio das Comunica&ccedil;&otilde;es. Com a cria&ccedil;&atilde;o da Anatel, em 1997, o fundo foi transferido para a ag&ecirc;ncia. Hoje, a Anatel continua arrecadando os recursos do Fistel, mas as receitas do fundo passaram a estar vinculadas diretamente ao Tesouro Nacional no Or&ccedil;amento da Uni&atilde;o.<\/p>\n<p>No ano passado, o Fistel arrecadou R$ 5,5 bilh&otilde;es. Para este ano, o Or&ccedil;amento da Uni&atilde;o prev&ecirc; uma arrecada&ccedil;&atilde;o de R$ 5,23 bilh&otilde;es provenientes do Fistel. Parte do valor arrecadado pelo Fistel (cerca de 12%) vai para o or&ccedil;amento anual da Anatel; outra parte (10%) vai para a Contribui&ccedil;&atilde;o da Radiodifus&atilde;o P&uacute;blica, prevista na lei que criou a EBC (Empresa Brasil de Comunica&ccedil;&atilde;o) e, a partir deste ano, uma parcela dos recursos do Fistel (tamb&eacute;m cerca de 10%) ir&aacute; para a Contribui&ccedil;&atilde;o para o Desenvolvimento da Ind&uacute;stria Cinematogr&aacute;fica Nacional (Condecine), como resultado da lei do SeAC, que redireciona parte desta verba para ser gasta pelos produtores de audiovisual nacional. O restante, quase 70%, &eacute; contingenciado, ou seja, vai direto para os cofres do Tesouro Nacional e passa a integrar as receitas gerais administradas pela &aacute;rea econ&ocirc;mica do governo.<\/p>\n","protected":false},"excerpt":{"rendered":"<p>A Medida Provis&oacute;ria (MP) que cria um regime especial de tributa&ccedil;&atilde;o para o Programa Nacional de Banda Larga (PNBL) e reduz a cobran&ccedil;a do Fundo de Fiscaliza&ccedil;&atilde;o das Telecomunica&ccedil;&otilde;es (Fistel) espera san&ccedil;&atilde;o presidencial. <\/p>\n","protected":false},"author":1,"featured_media":0,"comment_status":"open","ping_status":"open","sticky":false,"template":"","format":"standard","meta":{"footnotes":""},"categories":[40],"tags":[81],"_links":{"self":[{"href":"https:\/\/obscom.intervozes.org.br\/index.php?rest_route=\/wp\/v2\/posts\/27102"}],"collection":[{"href":"https:\/\/obscom.intervozes.org.br\/index.php?rest_route=\/wp\/v2\/posts"}],"about":[{"href":"https:\/\/obscom.intervozes.org.br\/index.php?rest_route=\/wp\/v2\/types\/post"}],"author":[{"embeddable":true,"href":"https:\/\/obscom.intervozes.org.br\/index.php?rest_route=\/wp\/v2\/users\/1"}],"replies":[{"embeddable":true,"href":"https:\/\/obscom.intervozes.org.br\/index.php?rest_route=%2Fwp%2Fv2%2Fcomments&post=27102"}],"version-history":[{"count":0,"href":"https:\/\/obscom.intervozes.org.br\/index.php?rest_route=\/wp\/v2\/posts\/27102\/revisions"}],"wp:attachment":[{"href":"https:\/\/obscom.intervozes.org.br\/index.php?rest_route=%2Fwp%2Fv2%2Fmedia&parent=27102"}],"wp:term":[{"taxonomy":"category","embeddable":true,"href":"https:\/\/obscom.intervozes.org.br\/index.php?rest_route=%2Fwp%2Fv2%2Fcategories&post=27102"},{"taxonomy":"post_tag","embeddable":true,"href":"https:\/\/obscom.intervozes.org.br\/index.php?rest_route=%2Fwp%2Fv2%2Ftags&post=27102"}],"curies":[{"name":"wp","href":"https:\/\/api.w.org\/{rel}","templated":true}]}}