{"id":27099,"date":"2012-09-06T17:12:34","date_gmt":"2012-09-06T17:12:34","guid":{"rendered":"https:\/\/obscom.intervozes.org.br\/wordpress\/?p=27099"},"modified":"2012-09-06T17:12:34","modified_gmt":"2012-09-06T17:12:34","slug":"conselho-de-comunicacao-definira-agenda-a-partir-de-propostas-em-tramitacao","status":"publish","type":"post","link":"https:\/\/obscom.intervozes.org.br\/?p=27099","title":{"rendered":"Conselho de Comunica\u00e7\u00e3o definir\u00e1 agenda a partir de propostas em tramita\u00e7\u00e3o"},"content":{"rendered":"<p>Em sua primeira reuni&atilde;o de trabalho depois da posse dos conselheiros, no in&iacute;cio de agosto, o Conselho de Comunica&ccedil;&atilde;o Social deu in&iacute;cio nesta segunda-feira (3) &agrave; defini&ccedil;&atilde;o de sua agenda. O primeiro passo ser&aacute; o levantamento de todas as proposi&ccedil;&otilde;es relativas &agrave; comunica&ccedil;&atilde;o social em andamento no Senado e na C&acirc;mara para que os conselheiros possam saber quais as demandas do conselho e quais as quest&otilde;es priorit&aacute;rias no setor.<\/p>\n<p>Um primeiro levantamento entregue aos conselheiros pela Mesa do Senado apontou mais de 30 proposi&ccedil;&otilde;es, entre projetos de lei, requerimentos, consultas e estudos, sobre assuntos como servi&ccedil;os de radiodifus&atilde;o, produ&ccedil;&atilde;o audiovisual, publicidade e propaganda e TV digital. As mat&eacute;rias ser&atilde;o debatidas pelos conselheiros por meio virtual para que, na pr&oacute;xima reuni&atilde;o, em outubro, sejam escolhidos os primeiros temas a serem analisados.<\/p>\n<p>Segundo o presidente do conselho, Dom Orani Jo&atilde;o Tempesta, arcebispo do Rio de Janeiro, antes de definir uma agenda de trabalho, o grupo preferiu tomar conhecimento das pend&ecirc;ncias e demandas no Congresso Nacional. Ele acredita, no entanto, que alguns temas j&aacute; est&atilde;o predefinidos, como a poss&iacute;vel elabora&ccedil;&atilde;o de um marco regulat&oacute;rio para o setor de comunica&ccedil;&atilde;o social.<\/p>\n<p>&ndash; Acredito que ser&aacute; um tema pol&ecirc;mico, mas que foi colocado como algo importante para ser analisado pelo conselho &ndash; disse.<\/p>\n<p>A pol&ecirc;mica em torno do marco regulat&oacute;rio ficou expl&iacute;cita durante a reuni&atilde;o. Amplamente defendido como ponto de partida para os trabalhos do conselho pelo representante dos jornalistas, Celso Augusto Schroder, presidente da Federa&ccedil;&atilde;o Nacional dos Jornalistas (Fenaj), o marco seria, em sua avalia&ccedil;&atilde;o, um &ldquo;tema guarda-chuva&rdquo; que abrigaria todas as demais quest&otilde;es sobre comunica&ccedil;&atilde;o social. Al&eacute;m disso, serviria tamb&eacute;m para se evitar que a legisla&ccedil;&atilde;o brasileira fosse pautada por interesses pontuais e privados.<\/p>\n<p>Para Walter Vieira Ceneviva, representante das empresas de r&aacute;dio, por&eacute;m, discutir um marco regulat&oacute;rio seria mais do que o conselho &ldquo;daria conta&rdquo; uma vez que o tema seria &ldquo;amplo demais&rdquo;. Ceneviva defendeu a discuss&atilde;o de temas espec&iacute;ficos e atuais &ndash; como o fim da TV anal&oacute;gica no pa&iacute;s, previsto para 2016 &ndash; com o argumento de que a legisla&ccedil;&atilde;o de comunica&ccedil;&atilde;o &eacute; din&acirc;mica e, ao fim das discuss&otilde;es no conselho, o marco regulat&oacute;rio j&aacute; estaria desatualizado, pois propostas legislativas n&atilde;o acompanham os avan&ccedil;os tecnol&oacute;gicos e de mercado.<\/p>\n<p>Os conselheiros querem tamb&eacute;m ouvir os presidentes das comiss&otilde;es de Ci&ecirc;ncia, Tecnologia, Inova&ccedil;&atilde;o, Comunica&ccedil;&atilde;o e Inform&aacute;tica (CCT) da C&acirc;mara e do Senado para saberem quais as quest&otilde;es de comunica&ccedil;&atilde;o em pauta atualmente. As informa&ccedil;&otilde;es devem ser compartilhadas em audi&ecirc;ncia p&uacute;blica a ser realizada pelas comiss&otilde;es permanentes, ainda sem data marcada.<\/p>\n<p><strong>Intera&ccedil;&atilde;o com a sociedade<\/strong><\/p>\n<p>Criado pela Constitui&ccedil;&atilde;o em 1988 e regulamentado pela Lei 8.389\/1991, o Conselho de Comunica&ccedil;&atilde;o Social &eacute; composto de 13 membros titulares e 13 suplentes, com representantes de ve&iacute;culos de comunica&ccedil;&atilde;o e de categorias profissionais, al&eacute;m de cinco membros da sociedade civil.<\/p>\n<p>Os conselheiros querem maior participa&ccedil;&atilde;o da sociedade no debate sobre comunica&ccedil;&atilde;o social. Para isso, aprovaram nesta segunda-feira a remodela&ccedil;&atilde;o e atualiza&ccedil;&atilde;o do antigo site do CCS, de forma a deix&aacute;-lo mais interativo.<\/p>\n<p>O site trar&aacute; explica&ccedil;&otilde;es sobre a atua&ccedil;&atilde;o do conselho, sua composi&ccedil;&atilde;o, prerrogativas e compet&ecirc;ncias. Tamb&eacute;m disponibilizar&aacute; ao p&uacute;blico atas, projetos, pareceres, estudos e outros documentos que passem pelo conselho.<\/p>\n<p>O vice-presidente do conselho, Fernando C&eacute;sar Mesquita, diretor da Secretaria Especial de Comunica&ccedil;&atilde;o Social (Secs) do Senado, explicou que o novo portal ter&aacute; ainda liga&ccedil;&atilde;o direta com os portais e-cidadania do Senado e e-democracia da C&acirc;mara.<\/p>\n<p>&ndash; Nossa inten&ccedil;&atilde;o &eacute; colocar o site no ar o mais r&aacute;pido poss&iacute;vel &ndash; informou Fernando C&eacute;sar.<\/p>\n<p>O site, que ficar&aacute; inserido no portal do Senado e ter&aacute; link no portal da C&acirc;mara, trar&aacute; formul&aacute;rio para que o cidad&atilde;o d&ecirc; sua opini&atilde;o, sugest&atilde;o ou cr&iacute;tica aos conselheiros e far&aacute; a transmiss&atilde;o ao vivo das reuni&otilde;es mensais do conselho.<\/p>\n<p>A pr&oacute;xima reuni&atilde;o do Conselho de Comunica&ccedil;&atilde;o Social est&aacute; marcada para o dia 1&ordm; de outubro, &agrave;s 11h30. Esta &eacute; a terceira composi&ccedil;&atilde;o do Conselho de Comunica&ccedil;&atilde;o Social, que estava desativado desde 2006.<\/p>\n","protected":false},"excerpt":{"rendered":"<p>Em sua primeira reuni&atilde;o de trabalho depois da posse dos conselheiros, no in&iacute;cio de agosto, o Conselho de Comunica&ccedil;&atilde;o Social deu in&iacute;cio nesta segunda-feira (3) &agrave; defini&ccedil;&atilde;o de sua agenda. O primeiro passo ser&aacute; o levantamento de todas as proposi&ccedil;&otilde;es relativas &agrave; comunica&ccedil;&atilde;o social em andamento no Senado e na C&acirc;mara para que os conselheiros &hellip; <a href=\"https:\/\/obscom.intervozes.org.br\/?p=27099\" class=\"more-link\">Continue lendo <span class=\"screen-reader-text\">Conselho de Comunica\u00e7\u00e3o definir\u00e1 agenda a partir de propostas em tramita\u00e7\u00e3o<\/span> <span class=\"meta-nav\">&rarr;<\/span><\/a><\/p>\n","protected":false},"author":1,"featured_media":0,"comment_status":"open","ping_status":"open","sticky":false,"template":"","format":"standard","meta":{"footnotes":""},"categories":[40],"tags":[832],"_links":{"self":[{"href":"https:\/\/obscom.intervozes.org.br\/index.php?rest_route=\/wp\/v2\/posts\/27099"}],"collection":[{"href":"https:\/\/obscom.intervozes.org.br\/index.php?rest_route=\/wp\/v2\/posts"}],"about":[{"href":"https:\/\/obscom.intervozes.org.br\/index.php?rest_route=\/wp\/v2\/types\/post"}],"author":[{"embeddable":true,"href":"https:\/\/obscom.intervozes.org.br\/index.php?rest_route=\/wp\/v2\/users\/1"}],"replies":[{"embeddable":true,"href":"https:\/\/obscom.intervozes.org.br\/index.php?rest_route=%2Fwp%2Fv2%2Fcomments&post=27099"}],"version-history":[{"count":0,"href":"https:\/\/obscom.intervozes.org.br\/index.php?rest_route=\/wp\/v2\/posts\/27099\/revisions"}],"wp:attachment":[{"href":"https:\/\/obscom.intervozes.org.br\/index.php?rest_route=%2Fwp%2Fv2%2Fmedia&parent=27099"}],"wp:term":[{"taxonomy":"category","embeddable":true,"href":"https:\/\/obscom.intervozes.org.br\/index.php?rest_route=%2Fwp%2Fv2%2Fcategories&post=27099"},{"taxonomy":"post_tag","embeddable":true,"href":"https:\/\/obscom.intervozes.org.br\/index.php?rest_route=%2Fwp%2Fv2%2Ftags&post=27099"}],"curies":[{"name":"wp","href":"https:\/\/api.w.org\/{rel}","templated":true}]}}