{"id":27091,"date":"2012-08-30T17:36:13","date_gmt":"2012-08-30T17:36:13","guid":{"rendered":"https:\/\/obscom.intervozes.org.br\/wordpress\/?p=27091"},"modified":"2012-08-30T17:36:13","modified_gmt":"2012-08-30T17:36:13","slug":"um-cinquentenario-que-nao-merece-comemoracao","status":"publish","type":"post","link":"https:\/\/obscom.intervozes.org.br\/?p=27091","title":{"rendered":"Um cinquenten\u00e1rio que n\u00e3o merece comemora\u00e7\u00e3o"},"content":{"rendered":"<p>Defasado, o C&oacute;digo Brasileiro de Telecomunica&ccedil;&otilde;es fez 50 anos no dia 27. Um anivers&aacute;rio marcado pela nega&ccedil;&atilde;o do direito &agrave; comunica&ccedil;&atilde;o para a maior parte da popula&ccedil;&atilde;o <\/p>\n<p>A converg&ecirc;ncia tecnol&oacute;gica e a era da informa&ccedil;&atilde;o trouxeram mudan&ccedil;as profundas para o mundo todo nas &uacute;ltimas cinco d&eacute;cadas. No Brasil, entretanto, em que pesem as profundas transforma&ccedil;&otilde;es vividas especialmente a partir dos anos 80, com a supera&ccedil;&atilde;o de 21 anos de ditadura e a consolida&ccedil;&atilde;o da democracia, as telecomunica&ccedil;&otilde;es e as comunica&ccedil;&otilde;es continuam a ser regidas por uma legisla&ccedil;&atilde;o arcaica.<\/p>\n<p>Primeiro marco regulat&oacute;rio das comunica&ccedil;&otilde;es, o C&oacute;digo Brasileiro de Telecomunica&ccedil;&otilde;es (CBT) foi criado num regime parlamentarista e sofreu suas primeiras modifica&ccedil;&otilde;es por atos do governo militar. O primeiro criou o Minist&eacute;rio das Comunica&ccedil;&otilde;es e, o segundo, estabeleceu as bases para um sistema de telecomunica&ccedil;&otilde;es nacional e integrado com a cria&ccedil;&atilde;o da Embratel, empresa p&uacute;blica respons&aacute;vel por controlar a telefonia no pa&iacute;s.<\/p>\n<p>Foi importante nos anos 60, mas j&aacute; em 1988, quando a nova Constitui&ccedil;&atilde;o Federal incluiu cinco artigos espec&iacute;ficos sobre a comunica&ccedil;&atilde;o, era evidente a necessidade de rever o C&oacute;digo. Lamentavelmente, foi com a derrubada do monop&oacute;lio estatal do texto constitucional, no governo Fernando Henrique Cardoso, seguida da aprova&ccedil;&atilde;o de uma Lei Geral de Telecomunica&ccedil;&otilde;es, que o C&oacute;digo foi mais uma vez modificado. Radiodifus&atilde;o e telecomunica&ccedil;&otilde;es foram separadas, o Sistema Telebr&aacute;s desmontado e as telecomunica&ccedil;&otilde;es privatizadas. Passou a vigorar o modelo neoliberal, onde todas as decis&otilde;es passaram a depender exclusivamente dos interesses do Mercado. <\/p>\n<p>A maior parte dos pa&iacute;ses desenvolvidos j&aacute; reavaliou seu setor de comunica&ccedil;&atilde;o e criou mecanismos democr&aacute;ticos de regulamenta&ccedil;&atilde;o capazes de defender a troca de informa&ccedil;&otilde;es e espa&ccedil;os para diferentes conte&uacute;dos , respeitando as diversas manifesta&ccedil;&otilde;es culturais da popula&ccedil;&atilde;o e regulando de maneira a que todos seus cidad&atilde;os possam ter acesso aos meios e ve&iacute;culos de express&atilde;o. <\/p>\n<p>Infelizmente, no nosso pa&iacute;s, at&eacute; hoje, apesar da revolu&ccedil;&atilde;o tecnol&oacute;gica e de todas as mudan&ccedil;as sociais, pol&iacute;ticas e econ&ocirc;micas que t&ecirc;m permitido redu&ccedil;&atilde;o de desigualdades e inclus&atilde;o social, essas transforma&ccedil;&otilde;es ainda n&atilde;o se refletiram nas pol&iacute;ticas de comunica&ccedil;&atilde;o.<\/p>\n<p>Atualmente reinam as promessas vazias do governo de debater o novo Marco Regulat&oacute;rio para as Comunica&ccedil;&otilde;es at&eacute; ent&atilde;o deixada em segundo plano por press&atilde;o da grande m&iacute;dia. Mas, o que se espera &eacute; que tanto as comunica&ccedil;&otilde;es quanto as telecomunica&ccedil;&otilde;es sejam assistidas por uma regula&ccedil;&atilde;o atualizada que respeite o car&aacute;ter convergente da banda larga e das novas tecnologias e defenda o direito de todos os brasileiros a acessarem estes servi&ccedil;os e meios, exercendo assim a liberdade de express&atilde;o devida, com pluralismo e diversidade sem a ditadura dos monop&oacute;lios dos ve&iacute;culos de radiodifus&atilde;o. <\/p>\n<p>N&oacute;s, do Instituto Telecom, convocamos todos a apoiarem a campanha Para Expressar a Liberdade &ndash; Uma nova lei para um novo tempo lan&ccedil;ada nesta segunda, dia 27\/08. O que queremos &eacute; celebrar o come&ccedil;o de um novo marco regulat&oacute;rio do pa&iacute;s.&nbsp; Para saber mais sobre a campanha acesse www.paraexpressaraliberdade.org.br)<\/p>\n","protected":false},"excerpt":{"rendered":"<p>Defasado, o C&oacute;digo Brasileiro de Telecomunica&ccedil;&otilde;es fez 50 anos no dia 27.  Um anivers&aacute;rio marcado pela nega&ccedil;&atilde;o do direito &agrave; comunica&ccedil;&atilde;o para a  maior parte da popula&ccedil;&atilde;o <\/p>\n","protected":false},"author":1,"featured_media":0,"comment_status":"open","ping_status":"open","sticky":false,"template":"","format":"standard","meta":{"footnotes":""},"categories":[42],"tags":[456],"_links":{"self":[{"href":"https:\/\/obscom.intervozes.org.br\/index.php?rest_route=\/wp\/v2\/posts\/27091"}],"collection":[{"href":"https:\/\/obscom.intervozes.org.br\/index.php?rest_route=\/wp\/v2\/posts"}],"about":[{"href":"https:\/\/obscom.intervozes.org.br\/index.php?rest_route=\/wp\/v2\/types\/post"}],"author":[{"embeddable":true,"href":"https:\/\/obscom.intervozes.org.br\/index.php?rest_route=\/wp\/v2\/users\/1"}],"replies":[{"embeddable":true,"href":"https:\/\/obscom.intervozes.org.br\/index.php?rest_route=%2Fwp%2Fv2%2Fcomments&post=27091"}],"version-history":[{"count":0,"href":"https:\/\/obscom.intervozes.org.br\/index.php?rest_route=\/wp\/v2\/posts\/27091\/revisions"}],"wp:attachment":[{"href":"https:\/\/obscom.intervozes.org.br\/index.php?rest_route=%2Fwp%2Fv2%2Fmedia&parent=27091"}],"wp:term":[{"taxonomy":"category","embeddable":true,"href":"https:\/\/obscom.intervozes.org.br\/index.php?rest_route=%2Fwp%2Fv2%2Fcategories&post=27091"},{"taxonomy":"post_tag","embeddable":true,"href":"https:\/\/obscom.intervozes.org.br\/index.php?rest_route=%2Fwp%2Fv2%2Ftags&post=27091"}],"curies":[{"name":"wp","href":"https:\/\/api.w.org\/{rel}","templated":true}]}}