{"id":27090,"date":"2012-08-30T15:51:18","date_gmt":"2012-08-30T15:51:18","guid":{"rendered":"https:\/\/obscom.intervozes.org.br\/wordpress\/?p=27090"},"modified":"2012-08-30T15:51:18","modified_gmt":"2012-08-30T15:51:18","slug":"mobilizacoes-nas-redes-e-nas-ruas-lancam-campanha","status":"publish","type":"post","link":"https:\/\/obscom.intervozes.org.br\/?p=27090","title":{"rendered":"Mobiliza\u00e7\u00f5es nas redes e nas ruas lan\u00e7am campanha"},"content":{"rendered":"<p>Nesta segunda-feira, 27 de agosto, foi dada a largada da campanha &ldquo;Para Expressar a Liberdade &ndash; Uma nova lei para um novo tempo&rdquo;. De forma irreverente e com muito debate pol&iacute;tico pra&ccedil;as, praias, ruas, sindicatos e as redes sociais foram tomadas por manifesta&ccedil;&otilde;es por uma nova lei geral para as comunica&ccedil;&otilde;es no Brasil. O lan&ccedil;amento da campanha marcou, tamb&eacute;m, os 50 anos do C&oacute;digo Brasileiro de Telecomunica&ccedil;&atilde;o &ndash; uma lei ultrapassada pela tecnologia e pelo avan&ccedil;o dos direitos sociais que perdura pelo lobby dos empres&aacute;rios do setor e pela omiss&atilde;o do Estado brasileiro em sepult&aacute;-la.<\/p>\n<p>O dia de mobiliza&ccedil;&otilde;es come&ccedil;ou de manh&atilde;, nas redes sociais, com um tuita&ccedil;o para denunciar a falta de pluralidade e diversidade nos meios de comunica&ccedil;&atilde;o brasileiros. A hashtag #paraexpressaraliberdade transbordou as fronteiras nacionais e ganhou o mundo.<\/p>\n<p>O cordel da peleja entre o Marco Regulat&oacute;rio e a Concei&ccedil;&atilde;o P&uacute;blica foi outro marco que agitou a internet, mostrando o que a gente n&atilde;o v&ecirc; pela TV.<\/p>\n<p><strong>SP: Cortejo e Filosofia<\/strong><\/p>\n<p>Sepultamento que ocorreu, de forma simb&oacute;lica, na cidade de S&atilde;o Paulo. Concentrados na Pra&ccedil;a do Patriarca, manifestantes distribu&iacute;ram panfletos informativos para a popula&ccedil;&atilde;o, realizaram um breve ato pol&iacute;tico e um cortejo f&uacute;nebre que se encerrou em frente ao Teatro Municipal, com direito a caix&atilde;o e tudo.<\/p>\n<p>Em seguida, um debate no sindicato dos jornalistas organizado pela Frentex &#8211; Frente Paulista pelo Direito &agrave; Comunica&ccedil;&atilde;o e Liberdade de Express&atilde;o &#8211; com a presen&ccedil;a da professora de Filosofia da USP Marilena Chau&iacute;, lan&ccedil;ou oficialmente o in&iacute;cio da campanha. Em debate da campanha, Marilena Chau&iacute; afirma a import&acirc;ncia de nova lei para as comunica&ccedil;&otilde;es.<\/p>\n<p><strong>PE: Praia no Capiberibe<\/strong><\/p>\n<p>Em Recife, a galera se reuniu no domingo, 26, &agrave;s margens do rio Capiberibe transformado em praia. As entidades que defendem o direito &agrave; comunica&ccedil;&atilde;o em Pernambuco uniram-se ao movimento &ldquo;Eu Quero Nadar no Capibaribe e voc&ecirc;?&rdquo; para lan&ccedil;ar a campanha &ldquo;Para Expressar a Liberdade&rdquo; com festa. Em pleno domingo de sol, os manifestantes mostraram para a popula&ccedil;&atilde;o que liberdade de express&atilde;o tem tudo haver com muitas outras lutas da sociedade. E que d&aacute;, sim, para unir milit&acirc;ncia e divers&atilde;o. Praia da liberdade de express&atilde;o lan&ccedil;a campanha no Recife.<\/p>\n<p><strong>DF: Para expressar a liberdade &eacute; preciso igualdade<\/strong><\/p>\n<p>Racismo, pluralidade e diversidade na r&aacute;dio e TV foram os principais assuntos do lan&ccedil;amento da campanha em Bras&iacute;lia, que aconteceu com a comemora&ccedil;&atilde;o de 5 anos da Comiss&atilde;o de Jornalistas Pela Igualdade Racial do Distrito Federal (Cojira-DF). Os dados sobre o racismo na m&iacute;dia foram apresentados pelo professor e cineasta Joel Zito. As pesquisas das quais participou indicam que, em uma semana de programa&ccedil;&atilde;o (pouco mais de 300 programas de variedade), apenas 3 programas tratavam sobre a tem&aacute;tica negra. Mas o mais alarmante, a porcentagem de apresentadores eurodescendentes em telejornais chega a 93%. &quot;A representa&ccedil;&atilde;o racial na m&iacute;dia deve corresponder &agrave; propor&ccedil;&atilde;o de negros e &iacute;ndios do Brasil para garantir a diversidade&quot; diz o professor. No DF, lan&ccedil;amento da campanha discute a igualdade racial.<\/p>\n<p><strong>SE: Mobiliza&ccedil;&atilde;o e debate<\/strong><\/p>\n<p>Em Aracaju, a mobiliza&ccedil;&atilde;o aconteceu no cal&ccedil;ad&atilde;o do centro da cidade, levantando a bandeira da diversidade e da pluralidade na m&iacute;dia. Os manifestantes reiteraram que uma nova lei para as comunica&ccedil;&otilde;es precisa contemplar a inser&ccedil;&atilde;o de conte&uacute;do regional na produ&ccedil;&atilde;o e respeito aos direitos humanos. Para dar sequ&ecirc;ncia ao ato de mobiliza&ccedil;&atilde;o, houve um debate no Sindicato dos Banc&aacute;rios para lan&ccedil;ar oficialmente a campanha em Sergipe. SE: Entidades realizam ato em prol do marco das comunica&ccedil;&otilde;es.<\/p>\n<p><strong>Rio: Alegorias de um teatro aberto<\/strong><\/p>\n<p>Os cariocas se paramentaram para expressar a liberdade na Cinel&acirc;ndia no final da tarde desta segunda (27). M&uacute;sica, teatro e cordel se articularam nas ruas do centro explicando para as pessoas que o c&oacute;digo que regula a radiodifus&atilde;o no pa&iacute;s comemora seus 50 anos praticamente intocado, antecedendo at&eacute; o lan&ccedil;amento do primeiro sat&eacute;lite. Sergival Silva recitou o cordel sobre a &ldquo;Peleja de Marco regulat&oacute;rio e Concei&ccedil;&atilde;o p&uacute;blica na terra sem lei dos coron&eacute;is eletr&ocirc;nicos&rdquo;. Lan&ccedil;amento da campanha acontece cercado de alegorias no Rio de Janeiro.<\/p>\n<p><strong>ES: Da assembleia legislativa ao shopping<\/strong><\/p>\n<p>Em Vit&oacute;ria, tamb&eacute;m na segunda (27) houve panfletagem em frente &agrave; Assembleia Legislativa e no maior shopping Center da capital, Vit&oacute;ria. Integrantes do Intervozes ( Coletivo Brasil de Comunica&ccedil;&atilde;o Social ) no Estado entregaram uma vers&atilde;o sintetizada da carta de apresenta&ccedil;&atilde;o da campanha, informando sobre a data e o prop&oacute;sito da campanha. ES: Ato marca o lan&ccedil;amento da Campanha Para Expressar e Liberdade entre capixabas<\/p>\n<p><strong>PA: Debate inicial j&aacute; define agenda da campanha<\/strong><\/p>\n<p>Um debate na Faculdade Ipiranga deu o ponta p&eacute; da campanha em Bel&eacute;m. Com a participa&ccedil;&atilde;o do Prof. Paulo Roberto Ferreira, da sindicalista Vera Paoloni (CUT), do artista popular M&aacute;rio Fil&eacute;, do jornalista Carlos Par&aacute; e do estudante Victor Javier, dezenas de alunos e cidad&atilde;os interessados puderam discutir as raz&otilde;es e objetivos da campanha, que pretende mobilizar cora&ccedil;&otilde;es e mentes em todo o Brasil. Os organizadores deste movimento no Estado deixaram sinalizada a proposta da organiza&ccedil;&atilde;o de um grande debate p&uacute;blico, com transmiss&atilde;o pela Internet, para 10 de outubro, como pr&oacute;ximo passo da campanha na regi&atilde;o.<\/p>\n<p><strong>PR: A televis&atilde;o do povo<\/strong><\/p>\n<p>Em Curitiba, munidos de uma TV de papel e um microfone, os manifestantes ocuparam a Boca Maldita, no centro, para dar voz e vez ao povo na televis&atilde;o. Assim foi o lan&ccedil;amento da campanha, organizado pela Frentex-PR, mostrando que para expressar a liberdade as pessoas precisam ter acesso aos meios de comunica&ccedil;&atilde;o para pode colocar suas opini&otilde;es, fazer circular sua produ&ccedil;&atilde;o art&iacute;stica e cultural, e dar visibilidade para todos. O ato chamou a aten&ccedil;&atilde;o para a necessidade de garantir a liberdade para a atua&ccedil;&atilde;o das r&aacute;dios comunit&aacute;rias e para que cesse imediatamente a criminaliza&ccedil;&atilde;o e a persegui&ccedil;&atilde;o &agrave;s pessoas que constroem no cotidiana uma comunica&ccedil;&atilde;o mais<\/p>\n<p>http:\/\/www.paraexpressaraliberdade.org.br<\/p>\n","protected":false},"excerpt":{"rendered":"<p>Campanha &ldquo;Para  Expressar a Liberdade &ndash; Uma nova lei para um novo tempo&rdquo; &eacute; lan&ccedil;ada de forma  irreverente e com muito debate pol&iacute;tico em diversas regi&otilde;es do pa&iacute;s. Atos marcaram pela cr&iacute;tica aos 50 anos do C&oacute;digo Brasileiro de Telecomunica&ccedil;&otilde;es.<\/p>\n","protected":false},"author":1,"featured_media":0,"comment_status":"open","ping_status":"open","sticky":false,"template":"","format":"standard","meta":{"footnotes":""},"categories":[40],"tags":[1712],"_links":{"self":[{"href":"https:\/\/obscom.intervozes.org.br\/index.php?rest_route=\/wp\/v2\/posts\/27090"}],"collection":[{"href":"https:\/\/obscom.intervozes.org.br\/index.php?rest_route=\/wp\/v2\/posts"}],"about":[{"href":"https:\/\/obscom.intervozes.org.br\/index.php?rest_route=\/wp\/v2\/types\/post"}],"author":[{"embeddable":true,"href":"https:\/\/obscom.intervozes.org.br\/index.php?rest_route=\/wp\/v2\/users\/1"}],"replies":[{"embeddable":true,"href":"https:\/\/obscom.intervozes.org.br\/index.php?rest_route=%2Fwp%2Fv2%2Fcomments&post=27090"}],"version-history":[{"count":0,"href":"https:\/\/obscom.intervozes.org.br\/index.php?rest_route=\/wp\/v2\/posts\/27090\/revisions"}],"wp:attachment":[{"href":"https:\/\/obscom.intervozes.org.br\/index.php?rest_route=%2Fwp%2Fv2%2Fmedia&parent=27090"}],"wp:term":[{"taxonomy":"category","embeddable":true,"href":"https:\/\/obscom.intervozes.org.br\/index.php?rest_route=%2Fwp%2Fv2%2Fcategories&post=27090"},{"taxonomy":"post_tag","embeddable":true,"href":"https:\/\/obscom.intervozes.org.br\/index.php?rest_route=%2Fwp%2Fv2%2Ftags&post=27090"}],"curies":[{"name":"wp","href":"https:\/\/api.w.org\/{rel}","templated":true}]}}