{"id":27078,"date":"2012-08-28T18:02:45","date_gmt":"2012-08-28T18:02:45","guid":{"rendered":"https:\/\/obscom.intervozes.org.br\/wordpress\/?p=27078"},"modified":"2012-08-28T18:02:45","modified_gmt":"2012-08-28T18:02:45","slug":"ativistas-enterram-codigo-brasileiro-de-telecomunicacoes-em-sao-paulo","status":"publish","type":"post","link":"https:\/\/obscom.intervozes.org.br\/?p=27078","title":{"rendered":"Ativistas &#8220;enterram&#8221; C\u00f3digo Brasileiro de Telecomunica\u00e7\u00f5es em S\u00e3o Paulo"},"content":{"rendered":"<p><span class=\"padrao\">S&atilde;o Paulo tamb&eacute;m fez parte do lan&ccedil;amento da campanha nacional &quot;Para Expressar a Liberdade&quot; nesta segunda (27). A data escolhida foi emblem&aacute;tica, pois trata-se do anivers&aacute;rio dos 50 anos de exist&ecirc;ncia do C&oacute;digo Brasileiro de Telecomunica&ccedil;&otilde;es (CBT), de 1962, principal lei que rege o setor das comunica&ccedil;&otilde;es no pa&iacute;s. Se a sociedade brasileira avan&ccedil;ou em diversas &aacute;reas e muitos direitos foram conquistados nas &uacute;ltimas cinco d&eacute;cadas, n&atilde;o se pode dizer o mesmo sobre a estrutura das comunica&ccedil;&otilde;es no pa&iacute;s.&nbsp;&nbsp; <\/p>\n<p>As atividades na capital paulista come&ccedil;aram &agrave;s 17hs, com o enterro simb&oacute;lico do CBT em&nbsp; frente &agrave; prefeitura municipal, na regi&atilde;o central da cidade. Diversas entidades da sociedade civil, boa parte componentes da Frente Paulista pelo Direito &agrave; Comunica&ccedil;&atilde;o e Liberdade de Express&atilde;o (Frentex) simularam um cortejo f&uacute;nebre que seguiu at&eacute; as escadarias do Teatro Municipal, chamando a aten&ccedil;&atilde;o das pessoas que voltavam do trabalho no hor&aacute;rio.<\/p>\n<p><u><em><a href=\"http:\/\/www.flickr.com\/photos\/frentex\/sets\/72157631281811276\/\" target=\"_blank\">Confira as fotos do ato em S&atilde;o Paulo<\/a><\/em><\/u> <br \/>&nbsp; <br \/>Em seguida, &agrave;s 19hs, o audit&oacute;rio do Sindicato dos Jornalistas de SP recebeu mais de 200 pessoas para o debate com a professora e fil&oacute;sofa da Universidade de S&atilde;o Paulo (USP) Marilena Chau&iacute;, a coordenadora do F&oacute;rum Nacional pela Democratiza&ccedil;&atilde;o da Comunica&ccedil;&atilde;o, Rosane Bertotti, e a integrante do Coletivo Intervozes e representante da Frentex, Bia Barbosa. As discuss&otilde;es foram transmitidas ao-vivo pela TV e pela R&aacute;dio da Central &Uacute;nica dos Trabalhadores (CUT).<br \/>&nbsp;<br \/><strong>Regula&ccedil;&atilde;o<br \/><\/strong>&nbsp;<br \/>A professora da USP Marilena Chau&iacute; deu in&iacute;cio ao debate citando dois epis&oacute;dios pessoais que serviram de exemplos de deturpa&ccedil;&atilde;o intencional da informa&ccedil;&atilde;o por parte da chamada &ldquo;grande m&iacute;dia&quot;. A fil&oacute;sofa, com rar&iacute;ssimas exce&ccedil;&otilde;es, n&atilde;o concede entrevistas a esta parte da imprensa desde 2005. Para Chau&iacute;, a necessidade de uma nova lei de comunica&ccedil;&otilde;es &eacute; urgente, principalmente para garantir o direito de livre express&atilde;o &agrave; esmagadora maioria da popula&ccedil;&atilde;o. <\/p>\n<p>&ldquo;A m&iacute;dia brasileira cotidianamente promove atos de viola&ccedil;&atilde;o no Brasil, principalmente contra grupos organizados da sociedade civil. A&iacute; incide a necessidade de um novo marco regulat&oacute;rio das comunica&ccedil;&otilde;es, pois o espa&ccedil;o p&uacute;blico, onde a m&iacute;dia atua, deve ser na realidade o espa&ccedil;o da consolida&ccedil;&atilde;o dos direitos, sem a qual n&atilde;o existe cidadania, n&atilde;o existe democracia. As quest&otilde;es, portanto, da efetiva&ccedil;&atilde;o da liberdade de express&atilde;o para todos e de uma nova lei das comunica&ccedil;&otilde;es precisam ser levadas a s&eacute;rio no Brasil&rdquo;, afirmou Chau&iacute;.&nbsp;&nbsp;&nbsp; <\/p>\n<p>A coordenadora do FNDC, Rosane Bertotti, apresentou o que vem sendo considerado verdadeiro &ldquo;levante da sociedade civil&rdquo; por uma nova lei de comunica&ccedil;&otilde;es. Ela citou como exemplo que mesmo com avan&ccedil;os recentes no pa&iacute;s, como a Lei Maria da Penha, a m&iacute;dia continua segregando grande parte da popula&ccedil;&atilde;o brasileira. &ldquo;Pesquisas indicam como a mulher &eacute; tratada de forma pejorativa na m&iacute;dia brasileira, ocupando muito mais as p&aacute;ginas policiais ou os comerciais de televis&atilde;o. Ou seja, apesar de diversos direitos conquistados pela sociedade nestes 50 anos, o que n&oacute;s vemos ainda na televis&atilde;o &eacute; esse tratamento desigual &agrave;s mulheres, a homofobia, o preconceito contra negros, &iacute;ndios, quilombolas, a criminaliza&ccedil;&atilde;o dos movimentos sociais&rdquo;, afirmou.<br \/>&nbsp;<br \/>Para Rosane, a sociedade pede ao governo e ao parlamento pelo menos o cumprimento da Constitui&ccedil;&atilde;o Federal de 1988, que garantiu no papel a inexist&ecirc;ncia de monop&oacute;lios na comunica&ccedil;&atilde;o, a prefer&ecirc;ncia pela programa&ccedil;&atilde;o regional e independente, dentre outros pontos descumpridos cotidianamente. &ldquo;Vamos fazer uma grande mobiliza&ccedil;&atilde;o! Que esse debate ganhe as ruas, as redes sociais! Fa&ccedil;amos dessa campanha um grande marco na luta pela democratiza&ccedil;&atilde;o das comunica&ccedil;&otilde;es no Brasil&rdquo;, disse.&nbsp;&nbsp; <\/p>\n<p><strong>Pol&iacute;ticas locais<br \/><\/strong>&nbsp;<br \/>Bia Barbosa, representando a Frentex, citou alguns pontos da<a href=\"http:\/\/www.frentex.org\/documentos\/36-manifesto\/83-plataforma-eleicoes-2012-direito-a-comunicacao-e-liberdade-de-expressao.html\" target=\"_blank\"><u> plataforma lan&ccedil;ada<\/u> <\/a> para que os candidatos &agrave;s elei&ccedil;&otilde;es assumam compromisso com pol&iacute;ticas de comunica&ccedil;&atilde;o no &acirc;mbito municipal. Dentre estes, o combate &agrave; repress&atilde;o &agrave;s r&aacute;dios comunit&aacute;rias; o compromisso com a lei de acesso &agrave; informa&ccedil;&atilde;o; com a inclus&atilde;o digital; a distribui&ccedil;&atilde;o de verbas publicit&aacute;rias aos &oacute;rg&atilde;os de imprensa; a universaliza&ccedil;&atilde;o da banda larga; a cria&ccedil;&atilde;o de um conselho municipal de comunica&ccedil;&atilde;o; a utiliza&ccedil;&atilde;o de software livre, dentre outros. A plataforma j&aacute; conta com a ades&atilde;o de mais de 30 vereadores, de cinco partidos diferentes.<\/p>\n<p>Como desdobramento do lan&ccedil;amento da campanha, foi apresentado uma proposta de realiza&ccedil;&atilde;o de um evento em contraponto a reuni&atilde;o da SIP (Sociedade Interamericana de Imprensa) em S&atilde;o Paulo, em outubro. O evento empresarial j&aacute; tem garantidas as presen&ccedil;as da presidenta Dilma Roussef e do ex-presidente Fernando Henrique Cardoso. A ideia &eacute; realizar um grande ato em contraponto e convidar os mesmos palestrantes da SIP para um evento promovido pela sociedade civil. O desafio das entidades agora &eacute; ampliar as discuss&otilde;es sobre um novo marco regulat&oacute;rio para o conjunto de organiza&ccedil;&otilde;es da sociedade, como os movimentos populares, LGBT, da luta por moradia, do movimento negro, entre outros.<br \/><\/span><\/p>\n","protected":false},"excerpt":{"rendered":"<p><span class=\"padrao\">Como parte do lan&ccedil;amento da campanha &quot;Para Expressar a Liberdade&quot;, militantes e entidades da sociedade civil organizaram enterro simb&oacute;lico da legisla&ccedil;&atilde;o que regula a r&aacute;dio e TV no pa&iacute;s e que completou 50 anos.<br \/><\/span><\/p>\n","protected":false},"author":1,"featured_media":0,"comment_status":"open","ping_status":"open","sticky":false,"template":"","format":"standard","meta":{"footnotes":""},"categories":[40],"tags":[1712],"_links":{"self":[{"href":"https:\/\/obscom.intervozes.org.br\/index.php?rest_route=\/wp\/v2\/posts\/27078"}],"collection":[{"href":"https:\/\/obscom.intervozes.org.br\/index.php?rest_route=\/wp\/v2\/posts"}],"about":[{"href":"https:\/\/obscom.intervozes.org.br\/index.php?rest_route=\/wp\/v2\/types\/post"}],"author":[{"embeddable":true,"href":"https:\/\/obscom.intervozes.org.br\/index.php?rest_route=\/wp\/v2\/users\/1"}],"replies":[{"embeddable":true,"href":"https:\/\/obscom.intervozes.org.br\/index.php?rest_route=%2Fwp%2Fv2%2Fcomments&post=27078"}],"version-history":[{"count":0,"href":"https:\/\/obscom.intervozes.org.br\/index.php?rest_route=\/wp\/v2\/posts\/27078\/revisions"}],"wp:attachment":[{"href":"https:\/\/obscom.intervozes.org.br\/index.php?rest_route=%2Fwp%2Fv2%2Fmedia&parent=27078"}],"wp:term":[{"taxonomy":"category","embeddable":true,"href":"https:\/\/obscom.intervozes.org.br\/index.php?rest_route=%2Fwp%2Fv2%2Fcategories&post=27078"},{"taxonomy":"post_tag","embeddable":true,"href":"https:\/\/obscom.intervozes.org.br\/index.php?rest_route=%2Fwp%2Fv2%2Ftags&post=27078"}],"curies":[{"name":"wp","href":"https:\/\/api.w.org\/{rel}","templated":true}]}}