{"id":27071,"date":"2012-08-24T18:00:26","date_gmt":"2012-08-24T18:00:26","guid":{"rendered":"https:\/\/obscom.intervozes.org.br\/wordpress\/?p=27071"},"modified":"2012-08-24T18:00:26","modified_gmt":"2012-08-24T18:00:26","slug":"conselho-de-comunicacao-social-quer-debater-regulamento-de-fiscalizacao-da-ancine","status":"publish","type":"post","link":"https:\/\/obscom.intervozes.org.br\/?p=27071","title":{"rendered":"Conselho de Comunica\u00e7\u00e3o Social quer debater regulamento de fiscaliza\u00e7\u00e3o da Ancine"},"content":{"rendered":"<p>A proposta do regulamento de fiscaliza&ccedil;&atilde;o das atividades de produ&ccedil;&atilde;o e empacotamento, cuja consulta p&uacute;blica lan&ccedil;ada pela Ancine j&aacute; foi encerrada, dever&aacute; ser um dos temas de debate do Conselho de Comunica&ccedil;&atilde;o Social do Senado Federal, que tem a primeira reuni&atilde;o marcada para o pr&oacute;ximo dia 3 de setembro. Isto porque, diferentes conselheiros entendem que a Ancine deveria ter enviado o regulamento &agrave; discuss&atilde;o pr&eacute;via do conselho,&nbsp; conforme prev&ecirc; a nova lei do SeAC (Servi&ccedil;o de Acesso Condicionado), que estabelece que qualquer regulamento referente ao segmento de TV por assinatura deve primeiro ouvir a opini&atilde;o deste conselho.<br \/>&nbsp;<br \/>Mas no entendimento da Ancine, esta norma n&atilde;o foi enviada &agrave;quele colegiado porque n&atilde;o trata apenas das empresas subordinadas &agrave; lei do SeAC, ou ao mercado de TV paga, e sim a todo o segmento audiovisual, o que desobrigaria a manifesta&ccedil;&atilde;o pr&eacute;via do Conselho de Comunica&ccedil;&atilde;o Social. N&atilde;o &eacute; este, por&eacute;m, o entendimento de fontes do conselho. &quot;Se fosse assim, bastaria &agrave; Anatel incluir o servi&ccedil;o celular em um regulamento de TV paga, para n&atilde;o precisar&nbsp; mais tamb&eacute;m se submeter ao debate do conselho&quot;, avalia a fonte.<br \/>&nbsp;<br \/>No caso da instru&ccedil;&atilde;o normativa que regulou o SeAC, a Ancine salienta que enviou para o conselho do Senado no tempo determinado pela lei, e, assim como a Anatel, aguardou pelo prazo de 30 dias para a sua manifesta&ccedil;&atilde;o (o conselho ficou anos sem ser indicado, s&oacute; voltando a ser formado este m&ecirc;s) antes de lan&ccedil;&aacute;-la &agrave; consulta p&uacute;blica. <\/p>\n","protected":false},"excerpt":{"rendered":"<p>A proposta do regulamento de fiscaliza&ccedil;&atilde;o das atividades de produ&ccedil;&atilde;o e empacotamento, cuja consulta p&uacute;blica lan&ccedil;ada pela Ancine j&aacute; foi encerrada, dever&aacute; ser um dos temas de debate do Conselho de Comunica&ccedil;&atilde;o Social do Senado Federal, que tem a primeira reuni&atilde;o marcada para o pr&oacute;ximo dia 3 de setembro. Isto porque, diferentes conselheiros entendem que &hellip; <a href=\"https:\/\/obscom.intervozes.org.br\/?p=27071\" class=\"more-link\">Continue lendo <span class=\"screen-reader-text\">Conselho de Comunica\u00e7\u00e3o Social quer debater regulamento de fiscaliza\u00e7\u00e3o da Ancine<\/span> <span class=\"meta-nav\">&rarr;<\/span><\/a><\/p>\n","protected":false},"author":1,"featured_media":0,"comment_status":"open","ping_status":"open","sticky":false,"template":"","format":"standard","meta":{"footnotes":""},"categories":[40],"tags":[393],"_links":{"self":[{"href":"https:\/\/obscom.intervozes.org.br\/index.php?rest_route=\/wp\/v2\/posts\/27071"}],"collection":[{"href":"https:\/\/obscom.intervozes.org.br\/index.php?rest_route=\/wp\/v2\/posts"}],"about":[{"href":"https:\/\/obscom.intervozes.org.br\/index.php?rest_route=\/wp\/v2\/types\/post"}],"author":[{"embeddable":true,"href":"https:\/\/obscom.intervozes.org.br\/index.php?rest_route=\/wp\/v2\/users\/1"}],"replies":[{"embeddable":true,"href":"https:\/\/obscom.intervozes.org.br\/index.php?rest_route=%2Fwp%2Fv2%2Fcomments&post=27071"}],"version-history":[{"count":0,"href":"https:\/\/obscom.intervozes.org.br\/index.php?rest_route=\/wp\/v2\/posts\/27071\/revisions"}],"wp:attachment":[{"href":"https:\/\/obscom.intervozes.org.br\/index.php?rest_route=%2Fwp%2Fv2%2Fmedia&parent=27071"}],"wp:term":[{"taxonomy":"category","embeddable":true,"href":"https:\/\/obscom.intervozes.org.br\/index.php?rest_route=%2Fwp%2Fv2%2Fcategories&post=27071"},{"taxonomy":"post_tag","embeddable":true,"href":"https:\/\/obscom.intervozes.org.br\/index.php?rest_route=%2Fwp%2Fv2%2Ftags&post=27071"}],"curies":[{"name":"wp","href":"https:\/\/api.w.org\/{rel}","templated":true}]}}