{"id":27069,"date":"2012-08-24T17:48:50","date_gmt":"2012-08-24T17:48:50","guid":{"rendered":"https:\/\/obscom.intervozes.org.br\/wordpress\/?p=27069"},"modified":"2012-08-24T17:48:50","modified_gmt":"2012-08-24T17:48:50","slug":"licitacao-dos-r-400-milhoes-da-condecine-depende-de-nomeacao-de-comite-gestor","status":"publish","type":"post","link":"https:\/\/obscom.intervozes.org.br\/?p=27069","title":{"rendered":"Licita\u00e7\u00e3o dos R$ 400 milh\u00f5es da Condecine depende de nomea\u00e7\u00e3o de comit\u00ea gestor"},"content":{"rendered":"<p><strong>Reda&ccedil;&atilde;o &#8211; Tele S&iacute;ntese<\/strong><\/p>\n<p>Com o t&eacute;rmino do mandato do Comit&ecirc; Gestor do Fundo Setorial do Audiovisual, no in&iacute;cio de agosto, a Ancine aguarda a renova&ccedil;&atilde;o de seus membros para a defini&ccedil;&atilde;o das regras que v&atilde;o nortear a aplica&ccedil;&atilde;o dos R$ 400 milh&otilde;es, arrecadados com base na nova Lei do SeAC. De acordo com fontes da Ancine, a expectativa &eacute; de que o edital com as regras para a apresenta&ccedil;&atilde;o dos projetos a serem fomentados seja lan&ccedil;ado at&eacute; outubro.<\/p>\n<p>De acordo com a assessoria da imprensa da Secretaria de Audiovisual do Minist&eacute;rio da Cultura, os nomes da lista s&ecirc;xtupla para a escolha de dois representantes da sociedade civil j&aacute; foram enviados pelo Conselho Superior de Cinema e est&atilde;o em m&atilde;os da ministra Ana de Hollanda, a quem cabe fazer a escolha. Al&eacute;m desses dois representantes do mercado do audiovisual, comp&otilde;em o Comit&ecirc; Gestor dois representantes do Minist&eacute;rio da Cultura, um da Ancine e um dos agentes financeiros credenciados.<\/p>\n","protected":false},"excerpt":{"rendered":"<p>Reda&ccedil;&atilde;o &#8211; Tele S&iacute;ntese Com o t&eacute;rmino do mandato do Comit&ecirc; Gestor do Fundo Setorial do Audiovisual, no in&iacute;cio de agosto, a Ancine aguarda a renova&ccedil;&atilde;o de seus membros para a defini&ccedil;&atilde;o das regras que v&atilde;o nortear a aplica&ccedil;&atilde;o dos R$ 400 milh&otilde;es, arrecadados com base na nova Lei do SeAC. De acordo com fontes &hellip; <a href=\"https:\/\/obscom.intervozes.org.br\/?p=27069\" class=\"more-link\">Continue lendo <span class=\"screen-reader-text\">Licita\u00e7\u00e3o dos R$ 400 milh\u00f5es da Condecine depende de nomea\u00e7\u00e3o de comit\u00ea gestor<\/span> <span class=\"meta-nav\">&rarr;<\/span><\/a><\/p>\n","protected":false},"author":1,"featured_media":0,"comment_status":"open","ping_status":"open","sticky":false,"template":"","format":"standard","meta":{"footnotes":""},"categories":[39],"tags":[],"_links":{"self":[{"href":"https:\/\/obscom.intervozes.org.br\/index.php?rest_route=\/wp\/v2\/posts\/27069"}],"collection":[{"href":"https:\/\/obscom.intervozes.org.br\/index.php?rest_route=\/wp\/v2\/posts"}],"about":[{"href":"https:\/\/obscom.intervozes.org.br\/index.php?rest_route=\/wp\/v2\/types\/post"}],"author":[{"embeddable":true,"href":"https:\/\/obscom.intervozes.org.br\/index.php?rest_route=\/wp\/v2\/users\/1"}],"replies":[{"embeddable":true,"href":"https:\/\/obscom.intervozes.org.br\/index.php?rest_route=%2Fwp%2Fv2%2Fcomments&post=27069"}],"version-history":[{"count":0,"href":"https:\/\/obscom.intervozes.org.br\/index.php?rest_route=\/wp\/v2\/posts\/27069\/revisions"}],"wp:attachment":[{"href":"https:\/\/obscom.intervozes.org.br\/index.php?rest_route=%2Fwp%2Fv2%2Fmedia&parent=27069"}],"wp:term":[{"taxonomy":"category","embeddable":true,"href":"https:\/\/obscom.intervozes.org.br\/index.php?rest_route=%2Fwp%2Fv2%2Fcategories&post=27069"},{"taxonomy":"post_tag","embeddable":true,"href":"https:\/\/obscom.intervozes.org.br\/index.php?rest_route=%2Fwp%2Fv2%2Ftags&post=27069"}],"curies":[{"name":"wp","href":"https:\/\/api.w.org\/{rel}","templated":true}]}}