{"id":27068,"date":"2012-08-24T17:44:44","date_gmt":"2012-08-24T17:44:44","guid":{"rendered":"https:\/\/obscom.intervozes.org.br\/wordpress\/?p=27068"},"modified":"2012-08-24T17:44:44","modified_gmt":"2012-08-24T17:44:44","slug":"proteste-ve-avancos-na-proposta-de-cobranca-de-tup-mas-critica-premissas","status":"publish","type":"post","link":"https:\/\/obscom.intervozes.org.br\/?p=27068","title":{"rendered":"Proteste v\u00ea avan\u00e7os na proposta de cobran\u00e7a de TUP, mas critica premissas."},"content":{"rendered":"<p>A Proteste entendeu como oportunos os dispositivos com a previs&atilde;o de atribui&ccedil;&atilde;o de novas utilidades aos orelh&otilde;es, inclu&iacute;dos na proposta de Regulamento de Caracter&iacute;sticas de Funcionamento e Cobran&ccedil;a do Telefone de Uso P&uacute;blico, mas defende que deve ficar claro que as atualiza&ccedil;&otilde;es passar&atilde;o a integrar os bens revers&iacute;veis, na medida em que estar&atilde;o sendo implementadas com receita p&uacute;blica decorrente da explora&ccedil;&atilde;o do STFC.&nbsp; A consulta p&uacute;blica sobre a proposta foi encerrada pela Anatel &agrave; meia noite de ontem e recebeu 202 contribui&ccedil;&otilde;es.<\/p>\n<p>A entidade de defesa do consumidor considera necess&aacute;rio tamb&eacute;m que se estabele&ccedil;a, nos termos do art. 108, 2, da LGT, que os ganhos econ&ocirc;micos decorrentes da moderniza&ccedil;&atilde;o, expans&atilde;o ou racionaliza&ccedil;&atilde;o dos servi&ccedil;os, bem como de novas receitas alternativas, sejam compartilhados com o consumidor, com vistas &agrave; modicidade tarifaria. Sobre os cart&otilde;es indutivos, a Proteste a sua manuten&ccedil;&atilde;o, mas pede a amplia&ccedil;&atilde;o dos pontos de venda, a redu&ccedil;&atilde;o dos valores e a possibilidade de recarregamento dos cart&otilde;es sem data de validade. &ldquo;Propomos, inclusive, que o mesmo cart&atilde;o possa ser utilizado para carregar cr&eacute;ditos para o servi&ccedil;o m&oacute;vel e para o servi&ccedil;o fixo&rdquo;, ressaltou a advogada da entidade, Fl&aacute;via Lef&egrave;vre.<\/p>\n<p>Por&eacute;m, a Proteste fez duras cr&iacute;ticas &agrave;s premissas apresentadas pela Anatel para formular a proposta de norma.&nbsp; &ldquo;Redu&ccedil;&atilde;o de tr&aacute;fego de chamadas e redu&ccedil;&atilde;o das vendas de cart&otilde;es indutivos s&atilde;o premissas que devem ser analisadas dentro de um contexto f&aacute;tico que demonstra a distor&ccedil;&atilde;o ilegal ocorrida no trato do servi&ccedil;o de telefonia fixa, especialmente quanto aos telefones de uso p&uacute;blico item essencial para a promo&ccedil;&atilde;o de garantia de acesso ao servi&ccedil;o mais b&aacute;sico para os consumidores de baixa renda, e que, mesmo nas economias e mercados mais desenvolvidos n&atilde;o perdem a import&acirc;ncia&rdquo;, reagiu Fl&aacute;via Lef&egrave;vre.<\/p>\n<p>Para a advogada, outros aspectos relevantes para a an&aacute;lise da evolu&ccedil;&atilde;o do uso dos TUPs s&atilde;o os que dizem respeito ao fato exposto na audi&ecirc;ncia p&uacute;blica sobre o tema, por representantes da ag&ecirc;ncia, de que mais de 50% da planta dos orelh&otilde;es est&aacute; ociosa, com falta de manuten&ccedil;&atilde;o adequada e de que a fiscaliza&ccedil;&atilde;o constatando aparelhos que ficam mais de 30 dias fora de opera&ccedil;&atilde;o, por falta de reparo. Ela lembrou da pesquisa realizada pela Proteste em 2009, constatando que 40% dos TUPs n&atilde;o podiam ser utilizados por falta de funcionamento e que apenas 5% estavam em perfeitas condi&ccedil;&otilde;es de uso. &ldquo;Sendo assim, ficam absolutamente comprometidas as premissas utilizadas para a formula&ccedil;&atilde;o da proposta submetida &agrave; consulta p&uacute;blica, j&aacute; que as perdas apontadas decorrem da redu&ccedil;&atilde;o dr&aacute;stica do n&uacute;mero de TUPs a serem mantidos pelas concession&aacute;rias&rdquo;, salientou.<\/p>\n<p><strong>Procon-SP<\/strong><\/p>\n<p>O Procon de S&atilde;o Paulo, por sua vez, al&eacute;m de contribui&ccedil;&otilde;es pontuais, criticou o uso indiscriminado de termos t&eacute;cnicos e de siglas na proposta, dificultando o entendimento para os cidad&atilde;os leigos no assunto. Tamb&eacute;m atacou a pr&aacute;tica da Anatel em n&atilde;o responder as contribui&ccedil;&otilde;es feitas em consulta p&uacute;blica, comprometendo a transpar&ecirc;ncia do processo regulat&oacute;rio.<\/p>\n","protected":false},"excerpt":{"rendered":"<p>A Proteste entendeu como oportunos os dispositivos com a previs&atilde;o de atribui&ccedil;&atilde;o de novas utilidades aos orelh&otilde;es, inclu&iacute;dos na proposta de Regulamento de Caracter&iacute;sticas de Funcionamento e Cobran&ccedil;a do Telefone de Uso P&uacute;blico, mas defende que deve ficar claro que as atualiza&ccedil;&otilde;es passar&atilde;o a integrar os bens revers&iacute;veis, na medida em que estar&atilde;o sendo implementadas &hellip; <a href=\"https:\/\/obscom.intervozes.org.br\/?p=27068\" class=\"more-link\">Continue lendo <span class=\"screen-reader-text\">Proteste v\u00ea avan\u00e7os na proposta de cobran\u00e7a de TUP, mas critica premissas.<\/span> <span class=\"meta-nav\">&rarr;<\/span><\/a><\/p>\n","protected":false},"author":1,"featured_media":0,"comment_status":"open","ping_status":"open","sticky":false,"template":"","format":"standard","meta":{"footnotes":""},"categories":[40],"tags":[1711],"_links":{"self":[{"href":"https:\/\/obscom.intervozes.org.br\/index.php?rest_route=\/wp\/v2\/posts\/27068"}],"collection":[{"href":"https:\/\/obscom.intervozes.org.br\/index.php?rest_route=\/wp\/v2\/posts"}],"about":[{"href":"https:\/\/obscom.intervozes.org.br\/index.php?rest_route=\/wp\/v2\/types\/post"}],"author":[{"embeddable":true,"href":"https:\/\/obscom.intervozes.org.br\/index.php?rest_route=\/wp\/v2\/users\/1"}],"replies":[{"embeddable":true,"href":"https:\/\/obscom.intervozes.org.br\/index.php?rest_route=%2Fwp%2Fv2%2Fcomments&post=27068"}],"version-history":[{"count":0,"href":"https:\/\/obscom.intervozes.org.br\/index.php?rest_route=\/wp\/v2\/posts\/27068\/revisions"}],"wp:attachment":[{"href":"https:\/\/obscom.intervozes.org.br\/index.php?rest_route=%2Fwp%2Fv2%2Fmedia&parent=27068"}],"wp:term":[{"taxonomy":"category","embeddable":true,"href":"https:\/\/obscom.intervozes.org.br\/index.php?rest_route=%2Fwp%2Fv2%2Fcategories&post=27068"},{"taxonomy":"post_tag","embeddable":true,"href":"https:\/\/obscom.intervozes.org.br\/index.php?rest_route=%2Fwp%2Fv2%2Ftags&post=27068"}],"curies":[{"name":"wp","href":"https:\/\/api.w.org\/{rel}","templated":true}]}}