{"id":27067,"date":"2012-08-24T17:31:33","date_gmt":"2012-08-24T17:31:33","guid":{"rendered":"https:\/\/obscom.intervozes.org.br\/wordpress\/?p=27067"},"modified":"2012-08-24T17:31:33","modified_gmt":"2012-08-24T17:31:33","slug":"governo-quer-promover-o-apagao-da-tv-analogica-em-mais-de-mil-cidades-ate-2016-para-liberar-a-faixa","status":"publish","type":"post","link":"https:\/\/obscom.intervozes.org.br\/?p=27067","title":{"rendered":"Governo quer promover o apag\u00e3o da TV anal\u00f3gica em mais de mil cidades at\u00e9 2016 para liberar a faixa"},"content":{"rendered":"<p>O an&uacute;ncio de ontem do ministro das Comunica&ccedil;&otilde;es, Paulo Bernardo, de que pretende realizar o leil&atilde;o de venda das frequ&ecirc;ncias de 700 MHz no segundo semestre de 2013, est&aacute; aliado &agrave; estrat&eacute;gia j&aacute; aprovada pelo governo de &quot;limpar&quot; esta faixa, ocupada pelos sinais de TV anal&oacute;gica, nas grandes cidades at&eacute; 2016. Ao mesmo tempo, o novo planejamento da TV digital, se por um lado acelera o apag&atilde;o anal&oacute;gico nos grandes centros, tamb&eacute;m adia para depois de 2020, nas pequenas cidades, o desligamento dos sinais de TV anal&oacute;gica.<\/p>\n<p>Conforme a apresenta&ccedil;&atilde;o de Flavio Lenz, assessor da Secretaria de Telecomunica&ccedil;&otilde;es do MiniCom, no evento da SET em S&atilde;o Paulo, j&aacute; h&aacute; consenso no governo da necessidade de limpeza r&aacute;pida da faixa de 700 MHz, que passar&aacute; a ser ocupada pela banda larga m&oacute;vel, nos grandes centros urbanos. Ser&atilde;o exatas 1,062 mil cidades onde as TVs anal&oacute;gicas precisar&atilde;o ser &quot;desligadas&quot; passando a transmitir apenas os sinais digitais, para dar espa&ccedil;o para a banda larga.<\/p>\n<p>Estas cidades congregam 118 milh&otilde;es de brasileiros, e 5,5 milh&otilde;es de fam&iacute;lias integrantes do programa social Bolsa Fam&iacute;lia, conforme estudo do Minist&eacute;rio das Comunica&ccedil;&otilde;es.<\/p>\n<p>Para os demais 4,5 mil munic&iacute;pios brasileiros, onde o custo da implanta&ccedil;&atilde;o da TV digital &eacute; pelo menos tr&ecirc;s vezes maior, o prazo para o desligamento da TV anal&oacute;gica ser&aacute; muito mais dilu&iacute;do no tempo, podendo ultrapassar o ano de 2020. E a banda larga 4G n&atilde;o vai chegar neste munic&iacute;pios? O minist&eacute;rio n&atilde;o v&ecirc; problemas, porque nestas cidades, os canais 52 a 69, que ficam justamente na faixa de 700 MHz n&atilde;o est&atilde;o ocupados pelas TVs, podendo, ent&atilde;o, ser usados para a banda larga celular.<br \/>Mudan&ccedil;as<\/p>\n<p>O esfor&ccedil;o para digitalizar os sinais da TV, mesmo com a decis&atilde;o de s&oacute; cumprir o cronograma elaborado durante o governo Lula nos principais centros urbanos, &eacute; ainda muito grande. Segundo as proje&ccedil;&otilde;es de Lenz, que confirmam a antecipa&ccedil;&atilde;o do processo para 2015, quando se come&ccedil;ar&aacute; a fazer o teste-piloto em algumas cidades brasileiras, ter&atilde;o que ser trocados quase cinco mil transmissores de TV nessas grandes cidades.<\/p>\n<p>A experi&ecirc;ncia do Jap&atilde;o, que teve julho do ano passado como a data final para o switch off anal&oacute;gico da TV foi analisada pelo MiniCom juntamente com as dos mercados norte-americano, coreano, franc&ecirc;s, espanhol e portugu&ecirc;s. No Jap&atilde;o, por exemplo, foram encontrados problemas com as &aacute;reas de sombra das cidades e ficou comprovado que, para chegar ao &uacute;ltimo 1% de digitaliza&ccedil;&atilde;o &eacute; muito mais caro do que toda a fase de instala&ccedil;&atilde;o inicial. Al&eacute;m disso, no Jap&atilde;o foi montado um forte esquema de aux&iacute;lio &agrave; popula&ccedil;&atilde;o para apoiar a migra&ccedil;&atilde;o, com o uso de call centers e equipes indo de casa em casa.<\/p>\n<p>No Brasil, a ideia de se diluir no tempo o switch off da TV anal&oacute;gica est&aacute; calcada no fato de que a maiora das retransmissoras das pequenas cidades &eacute; bancada pelas prefeituras, que n&atilde;o t&ecirc;m rubricas para fazer esta troca. E por isto, justifica o governo, depois deste grande impulso inicial nos quatro anos, a troca de outros quase 7 mil transmissores seria feita de maneira mais lenta e mais palat&aacute;vel para os or&ccedil;amentos.<\/p>\n<p>Radiodifuosores<\/p>\n<p>Os radiodifusores ainda est&atilde;o fazendo os estudos encomendado pelo MiniCom sobre os problemas que poderiam ocorrer com esta mudan&ccedil;a. Mas tratam tamb&eacute;m de acelerar a digitaliza&ccedil;&atilde;o. As Organiza&ccedil;&otilde;es Globo, por exemplo, pretendem chegar em 2013 com 70% de sua rede digitalizada. Os 30% restantes &eacute; que s&atilde;o o grande problema, informam representantes da empresa.<\/p>\n<p>&nbsp;<\/p>\n","protected":false},"excerpt":{"rendered":"<p>O an&uacute;ncio de ontem do ministro das Comunica&ccedil;&otilde;es, Paulo Bernardo, de que pretende realizar o leil&atilde;o de venda das frequ&ecirc;ncias de 700 MHz no segundo semestre de 2013, est&aacute; aliado &agrave; estrat&eacute;gia j&aacute; aprovada pelo governo de &quot;limpar&quot; esta faixa, ocupada pelos sinais de TV anal&oacute;gica, nas grandes cidades at&eacute; 2016. Ao mesmo tempo, o &hellip; <a href=\"https:\/\/obscom.intervozes.org.br\/?p=27067\" class=\"more-link\">Continue lendo <span class=\"screen-reader-text\">Governo quer promover o apag\u00e3o da TV anal\u00f3gica em mais de mil cidades at\u00e9 2016 para liberar a faixa<\/span> <span class=\"meta-nav\">&rarr;<\/span><\/a><\/p>\n","protected":false},"author":1,"featured_media":0,"comment_status":"open","ping_status":"open","sticky":false,"template":"","format":"standard","meta":{"footnotes":""},"categories":[40],"tags":[601],"_links":{"self":[{"href":"https:\/\/obscom.intervozes.org.br\/index.php?rest_route=\/wp\/v2\/posts\/27067"}],"collection":[{"href":"https:\/\/obscom.intervozes.org.br\/index.php?rest_route=\/wp\/v2\/posts"}],"about":[{"href":"https:\/\/obscom.intervozes.org.br\/index.php?rest_route=\/wp\/v2\/types\/post"}],"author":[{"embeddable":true,"href":"https:\/\/obscom.intervozes.org.br\/index.php?rest_route=\/wp\/v2\/users\/1"}],"replies":[{"embeddable":true,"href":"https:\/\/obscom.intervozes.org.br\/index.php?rest_route=%2Fwp%2Fv2%2Fcomments&post=27067"}],"version-history":[{"count":0,"href":"https:\/\/obscom.intervozes.org.br\/index.php?rest_route=\/wp\/v2\/posts\/27067\/revisions"}],"wp:attachment":[{"href":"https:\/\/obscom.intervozes.org.br\/index.php?rest_route=%2Fwp%2Fv2%2Fmedia&parent=27067"}],"wp:term":[{"taxonomy":"category","embeddable":true,"href":"https:\/\/obscom.intervozes.org.br\/index.php?rest_route=%2Fwp%2Fv2%2Fcategories&post=27067"},{"taxonomy":"post_tag","embeddable":true,"href":"https:\/\/obscom.intervozes.org.br\/index.php?rest_route=%2Fwp%2Fv2%2Ftags&post=27067"}],"curies":[{"name":"wp","href":"https:\/\/api.w.org\/{rel}","templated":true}]}}