{"id":27062,"date":"2012-08-24T17:22:33","date_gmt":"2012-08-24T17:22:33","guid":{"rendered":"https:\/\/obscom.intervozes.org.br\/wordpress\/?p=27062"},"modified":"2012-08-24T17:22:33","modified_gmt":"2012-08-24T17:22:33","slug":"anatel-diz-ter-competencia-para-fiscalizar-servicos-de-radiodifusao","status":"publish","type":"post","link":"https:\/\/obscom.intervozes.org.br\/?p=27062","title":{"rendered":"Anatel diz ter compet\u00eancia para fiscalizar servi\u00e7os de radiodifus\u00e3o"},"content":{"rendered":"<p>O conselho diretor da Anatel declarou que a ag&ecirc;ncia tem compet&ecirc;ncia material, fiscalizat&oacute;ria e punitiva sobre o servi&ccedil;o de radiodifus&atilde;o. A decis&atilde;o resultou de consulta formulada pelas superintend&ecirc;ncias de Radiofrequ&ecirc;ncia e Fiscaliza&ccedil;&atilde;o e Administra&ccedil;&atilde;o Geral, em fevereiro de 2011.<\/p>\n<p>A compet&ecirc;ncia material da Anatel inclui a outorga de autoriza&ccedil;&atilde;o de uso de radiofrequ&ecirc;ncia para servi&ccedil;o de radiodifus&atilde;o e a certifica&ccedil;&atilde;o de equipamentos destinados &agrave; explora&ccedil;&atilde;o de servi&ccedil;o. Na fiscaliza&ccedil;&atilde;o, a atua&ccedil;&atilde;o da ag&ecirc;ncia inclui a averigua&ccedil;&atilde;o de irregularidades relacionadas ao servi&ccedil;o de radiodifus&atilde;o, quanto aos aspectos t&eacute;cnicos, por expressa disposi&ccedil;&atilde;o legal (art. 211, par&aacute;grafo &uacute;nico, da LGT) e das atribui&ccedil;&otilde;es transferidas pelo Minist&eacute;rio das Comunica&ccedil;&otilde;es por meio de conv&ecirc;nio; al&eacute;m da fiscaliza&ccedil;&atilde;o de irregularidades relacionadas &agrave;s suas compet&ecirc;ncias (uso de radiofrequ&ecirc;ncia e certifica&ccedil;&atilde;o de equipamentos).<\/p>\n<p>J&aacute; a compet&ecirc;ncia da Anatel para aplica&ccedil;&atilde;o de san&ccedil;&atilde;o a irregularidades relacionadas ao uso de radiofrequ&ecirc;ncia e certifica&ccedil;&atilde;o de equipamentos, inclusive instaura&ccedil;&atilde;o e condu&ccedil;&atilde;o do processo administrativo, mesmo em face de entidade regularmente outorgada para o servi&ccedil;o de radiodifus&atilde;o.<\/p>\n<p>Quanto ao lacre de esta&ccedil;&atilde;o e &agrave; compet&ecirc;ncia para realiz&aacute;-lo, a Anatel entende a caracteriza&ccedil;&atilde;o como uma medida cautelar, de natureza diferente da san&ccedil;&atilde;o e integrante do poder de pol&iacute;cia da Administra&ccedil;&atilde;o P&uacute;blica, concretizado pelas a&ccedil;&otilde;es de fiscaliza&ccedil;&atilde;o. Por esta raz&atilde;o, est&aacute; apta a proceder ao lacre de esta&ccedil;&atilde;o sempre que estiver legitimamente fiscalizando a conduta dos administrados, sem necessidade de pr&eacute;via solicita&ccedil;&atilde;o ao Minist&eacute;rio das Comunica&ccedil;&otilde;es.<\/p>\n<p>A ag&ecirc;ncia entende tamb&eacute;m que s&oacute; h&aacute; necessidade de haver comunica&ccedil;&atilde;o ao Minist&eacute;rio das Comunica&ccedil;&otilde;es ap&oacute;s a fiscaliza&ccedil;&atilde;o realizada pela Anatel (tendo ou n&atilde;o havido lacre de esta&ccedil;&atilde;o) quando a infra&ccedil;&atilde;o apurada for relacionada com o servi&ccedil;o de radiodifus&atilde;o em si, pois nesta situa&ccedil;&atilde;o caber&aacute; ao Minist&eacute;rio a instaura&ccedil;&atilde;o e condu&ccedil;&atilde;o do processo, a aplica&ccedil;&atilde;o da san&ccedil;&atilde;o e, eventualmente, a retirada do lacre da esta&ccedil;&atilde;o.<\/p>\n","protected":false},"excerpt":{"rendered":"<p>O conselho diretor da Anatel declarou que a ag&ecirc;ncia tem compet&ecirc;ncia material, fiscalizat&oacute;ria e punitiva sobre o servi&ccedil;o de radiodifus&atilde;o. A decis&atilde;o resultou de consulta formulada pelas superintend&ecirc;ncias de Radiofrequ&ecirc;ncia e Fiscaliza&ccedil;&atilde;o e Administra&ccedil;&atilde;o Geral, em fevereiro de 2011. A compet&ecirc;ncia material da Anatel inclui a outorga de autoriza&ccedil;&atilde;o de uso de radiofrequ&ecirc;ncia para servi&ccedil;o &hellip; <a href=\"https:\/\/obscom.intervozes.org.br\/?p=27062\" class=\"more-link\">Continue lendo <span class=\"screen-reader-text\">Anatel diz ter compet\u00eancia para fiscalizar servi\u00e7os de radiodifus\u00e3o<\/span> <span class=\"meta-nav\">&rarr;<\/span><\/a><\/p>\n","protected":false},"author":1,"featured_media":0,"comment_status":"open","ping_status":"open","sticky":false,"template":"","format":"standard","meta":{"footnotes":""},"categories":[40],"tags":[912],"_links":{"self":[{"href":"https:\/\/obscom.intervozes.org.br\/index.php?rest_route=\/wp\/v2\/posts\/27062"}],"collection":[{"href":"https:\/\/obscom.intervozes.org.br\/index.php?rest_route=\/wp\/v2\/posts"}],"about":[{"href":"https:\/\/obscom.intervozes.org.br\/index.php?rest_route=\/wp\/v2\/types\/post"}],"author":[{"embeddable":true,"href":"https:\/\/obscom.intervozes.org.br\/index.php?rest_route=\/wp\/v2\/users\/1"}],"replies":[{"embeddable":true,"href":"https:\/\/obscom.intervozes.org.br\/index.php?rest_route=%2Fwp%2Fv2%2Fcomments&post=27062"}],"version-history":[{"count":0,"href":"https:\/\/obscom.intervozes.org.br\/index.php?rest_route=\/wp\/v2\/posts\/27062\/revisions"}],"wp:attachment":[{"href":"https:\/\/obscom.intervozes.org.br\/index.php?rest_route=%2Fwp%2Fv2%2Fmedia&parent=27062"}],"wp:term":[{"taxonomy":"category","embeddable":true,"href":"https:\/\/obscom.intervozes.org.br\/index.php?rest_route=%2Fwp%2Fv2%2Fcategories&post=27062"},{"taxonomy":"post_tag","embeddable":true,"href":"https:\/\/obscom.intervozes.org.br\/index.php?rest_route=%2Fwp%2Fv2%2Ftags&post=27062"}],"curies":[{"name":"wp","href":"https:\/\/api.w.org\/{rel}","templated":true}]}}