{"id":27061,"date":"2012-08-24T17:21:05","date_gmt":"2012-08-24T17:21:05","guid":{"rendered":"https:\/\/obscom.intervozes.org.br\/wordpress\/?p=27061"},"modified":"2012-08-24T17:21:05","modified_gmt":"2012-08-24T17:21:05","slug":"ministerio-das-comunicacoes-cria-conselho-consultivo-do-radio-digital","status":"publish","type":"post","link":"https:\/\/obscom.intervozes.org.br\/?p=27061","title":{"rendered":"Minist\u00e9rio das Comunica\u00e7\u00f5es cria Conselho Consultivo do R\u00e1dio Digital"},"content":{"rendered":"<p>O Minist&eacute;rio das Comunica&ccedil;&otilde;es quer acelerar a migra&ccedil;&atilde;o do r&aacute;dio anal&oacute;gico para o digital. Para isso, acaba de criar o Conselho Consultivo do R&aacute;dio Digital, que vai assessorar na implanta&ccedil;&atilde;o do sistema de r&aacute;dio digital no Brasil. Uma portaria, publicada semana passada no Di&aacute;rio Oficial da Uni&atilde;o estabelece que o conselho contar&aacute; com representantes do Governo Federal, do Poder Legislativo, do setor de radiodifus&atilde;o e da ind&uacute;stria. Os nomes indicados pelos &oacute;rg&atilde;os e entidades dever&atilde;o ser encaminhados ao MiniCom no prazo de 30 dias.<\/p>\n<p>O primeiro presidente do Conselho ser&aacute; o secret&aacute;rio de Servi&ccedil;os de Comunica&ccedil;&atilde;o Eletr&ocirc;nica, Genildo Lins, e o vice-presidente, o diretor do Departamento de Acompanhamento e Avalia&ccedil;&atilde;o da secretaria, Octavio Pieranti. A previs&atilde;o &eacute; de que a primeira reuni&atilde;o do &oacute;rg&atilde;o que tem a miss&atilde;o de ajudar na implanta&ccedil;&atilde;o do sistema de r&aacute;dio digital no Brasil ocorra at&eacute; o in&iacute;cio de outubro.<\/p>\n<p>Segundo Pieranti, a atua&ccedil;&atilde;o do conselho ir&aacute; al&eacute;m da defini&ccedil;&atilde;o do padr&atilde;o de r&aacute;dio digital. O trabalho envolver&aacute; quest&otilde;es referentes a financiamento da transi&ccedil;&atilde;o do sistema, par&acirc;metros internacionais e quest&otilde;es t&eacute;cnicas. Durante seu funcionamento, o conselho vai realizar debates sobre todos esses temas e eventuais recomenda&ccedil;&otilde;es ao minist&eacute;rio ter&atilde;o de ser aprovadas pela maioria absoluta de seus membros.<\/p>\n<p>A cria&ccedil;&atilde;o do conselho consultivo d&aacute; in&iacute;cio &agrave; fase em que o minist&eacute;rio come&ccedil;ar&aacute; a ouvir a sociedade a respeito do sistema de r&aacute;dio digital que ser&aacute; adotado pelo Brasil. Em 2011, o MiniCom publicou uma convoca&ccedil;&atilde;o para que diferentes sistemas de r&aacute;dio digital fossem testados no pa&iacute;s. Dois sistemas se candidataram: o Iboc (norte-americano) e o DRM (europeu).<\/p>\n<p>O minist&eacute;rio, em conjunto com o Instituto Nacional de Metrologia (Inmetro), testou os padr&otilde;es em diversas situa&ccedil;&otilde;es, com emissoras de v&aacute;rias classes e pot&ecirc;ncias, em diferentes cidades do Brasil. Agora, o MiniCom aguarda os relat&oacute;rios t&eacute;cnicos finais sobre o resultado dos testes, que dever&atilde;o ser encaminhados pelo Inmetro at&eacute; outubro.<\/p>\n<p>&ldquo;O maior desafio na escolha do sistema de r&aacute;dio digital &eacute; tra&ccedil;ar par&acirc;metros que sejam razo&aacute;veis para todas as emissoras de r&aacute;dio do Brasil, que t&ecirc;m realidades e condi&ccedil;&otilde;es muito diferentes. A gente tem de ter muita cautela para promover uma transi&ccedil;&atilde;o e n&atilde;o deixar que as emissoras fiquem fora do ar nem que o brasileiro deixe de ouvir r&aacute;dio&rdquo;, aponta Pieranti. Ele ressalta que, por enquanto, o minist&eacute;rio trabalha com a possibilidade de n&atilde;o desligar o r&aacute;dio anal&oacute;gico, mesmo ap&oacute;s a defini&ccedil;&atilde;o do padr&atilde;o digital, como j&aacute; ocorreu em outros pa&iacute;ses.<\/p>\n","protected":false},"excerpt":{"rendered":"<p>O Minist&eacute;rio das Comunica&ccedil;&otilde;es quer acelerar a migra&ccedil;&atilde;o do r&aacute;dio anal&oacute;gico para o digital. Para isso, acaba de criar o Conselho Consultivo do R&aacute;dio Digital, que vai assessorar na implanta&ccedil;&atilde;o do sistema de r&aacute;dio digital no Brasil. Uma portaria, publicada semana passada no Di&aacute;rio Oficial da Uni&atilde;o estabelece que o conselho contar&aacute; com representantes do &hellip; <a href=\"https:\/\/obscom.intervozes.org.br\/?p=27061\" class=\"more-link\">Continue lendo <span class=\"screen-reader-text\">Minist\u00e9rio das Comunica\u00e7\u00f5es cria Conselho Consultivo do R\u00e1dio Digital<\/span> <span class=\"meta-nav\">&rarr;<\/span><\/a><\/p>\n","protected":false},"author":1,"featured_media":0,"comment_status":"open","ping_status":"open","sticky":false,"template":"","format":"standard","meta":{"footnotes":""},"categories":[40],"tags":[601],"_links":{"self":[{"href":"https:\/\/obscom.intervozes.org.br\/index.php?rest_route=\/wp\/v2\/posts\/27061"}],"collection":[{"href":"https:\/\/obscom.intervozes.org.br\/index.php?rest_route=\/wp\/v2\/posts"}],"about":[{"href":"https:\/\/obscom.intervozes.org.br\/index.php?rest_route=\/wp\/v2\/types\/post"}],"author":[{"embeddable":true,"href":"https:\/\/obscom.intervozes.org.br\/index.php?rest_route=\/wp\/v2\/users\/1"}],"replies":[{"embeddable":true,"href":"https:\/\/obscom.intervozes.org.br\/index.php?rest_route=%2Fwp%2Fv2%2Fcomments&post=27061"}],"version-history":[{"count":0,"href":"https:\/\/obscom.intervozes.org.br\/index.php?rest_route=\/wp\/v2\/posts\/27061\/revisions"}],"wp:attachment":[{"href":"https:\/\/obscom.intervozes.org.br\/index.php?rest_route=%2Fwp%2Fv2%2Fmedia&parent=27061"}],"wp:term":[{"taxonomy":"category","embeddable":true,"href":"https:\/\/obscom.intervozes.org.br\/index.php?rest_route=%2Fwp%2Fv2%2Fcategories&post=27061"},{"taxonomy":"post_tag","embeddable":true,"href":"https:\/\/obscom.intervozes.org.br\/index.php?rest_route=%2Fwp%2Fv2%2Ftags&post=27061"}],"curies":[{"name":"wp","href":"https:\/\/api.w.org\/{rel}","templated":true}]}}