{"id":27060,"date":"2012-08-23T15:55:37","date_gmt":"2012-08-23T15:55:37","guid":{"rendered":"https:\/\/obscom.intervozes.org.br\/wordpress\/?p=27060"},"modified":"2012-08-23T15:55:37","modified_gmt":"2012-08-23T15:55:37","slug":"comunicadf-um-passo-por-politicas-publicas-de-comunicacao","status":"publish","type":"post","link":"https:\/\/obscom.intervozes.org.br\/?p=27060","title":{"rendered":"#ComunicaDF: um passo por pol\u00edticas p\u00fablicas de comunica\u00e7\u00e3o"},"content":{"rendered":"<p>No &uacute;ltimo s&aacute;bado (18), a sociedade civil e o Governo do Distrito Federal deram o primeiro passo rumo &agrave; concretiza&ccedil;&atilde;o de pol&iacute;ticas locais de comunica&ccedil;&atilde;o.&nbsp; As cerca de 400 participantes do #ComunicaDF &#8211; Semin&aacute;rio de Comunica&ccedil;&atilde;o do Distrito Federal &#8211; aprovaram 12 prioridades de pol&iacute;ticas p&uacute;blicas para atender uma demanda hist&oacute;rica da capital do Pa&iacute;s.<\/p>\n<p>O compromisso, j&aacute; na abertura, do governador Agnelo Queiroz em criar o Conselho Distrital de Comunica&ccedil;&atilde;o Social e iniciar as discuss&otilde;es para a implementa&ccedil;&atilde;o de uma TV p&uacute;blica do DF, demandas apresentadas como priorit&aacute;rias pelos movimentos sociais, confirmam a for&ccedil;a de mobiliza&ccedil;&atilde;o da sociedade em busca de uma comunica&ccedil;&atilde;o democr&aacute;tica. <\/p>\n<p>Luta que teve seu &aacute;pice na 1&ordf; Confer&ecirc;ncia Nacional de Comunica&ccedil;&atilde;o (Confecom) em 2009, quando a popula&ccedil;&atilde;o do Distrito Federal participou ativamente da constru&ccedil;&atilde;o de propostas locais e nacional. E que se desdobrou na constru&ccedil;&atilde;o <a href=\"http:\/\/www.comunica.df.gov.br\/sites\/default\/files\/downloads\/carta_ao_agnelo_gdf.pdf\">da carta com 10 pontos<\/a>  &quot;Pela democracia das comunica&ccedil;&otilde;es no DF&quot;, entregue ao grupo de transi&ccedil;&atilde;o do rec&eacute;m-eleito governador Agnelo. <\/p>\n<p>J&aacute; em 2011, entidades da sociedade civil iniciaram uma articula&ccedil;&atilde;o para sensibilizar o governo para a necessidade de implementar tais medidas. O Sindicato dos Jornalistas, dos Radialistas, dos Trabalhadores em Telecomunica&ccedil;&atilde;o, o Intervozes, o Movimento Negro Unificado, a Comiss&atilde;o dos Jornalistas pela Igualdade Racial, a Associa&ccedil;&atilde;o Brasileira de Radiofus&atilde;o Comunit&aacute;rias, a Frente Nacional pela Valoriza&ccedil;&atilde;o das TVs do Campo P&uacute;blico, a Executiva Nacional dos Estudantes de Comunica&ccedil;&atilde;o Social e o Laborat&oacute;rio de Pol&iacute;ticas de Comunica&ccedil;&atilde;o da UnB estiveram a frente desta iniciativa.<\/p>\n<p>A partir de um di&aacute;logo envolvendo a Secretaria de Comunica&ccedil;&atilde;o, de Cultura, de Publicidade, de Educa&ccedil;&atilde;o, de Governo e da Casa Civil, se construiu esse importante semin&aacute;rio, com objetivo de uma constru&ccedil;&atilde;o democr&aacute;tica da pol&iacute;tica de comunica&ccedil;&atilde;o.<\/p>\n<p>Das 12 prioridades aprovadas, vale ressaltar, al&eacute;m da cria&ccedil;&atilde;o do Conselho de Comunica&ccedil;&atilde;o e de uma nova estrutura para comunica&ccedil;&atilde;o p&uacute;blica do DF, as propostas aprovadas cria&ccedil;&atilde;o de um fundo de apoio &agrave; comunica&ccedil;&atilde;o p&uacute;blica e popular, o investimento em infraestrutura estatal para a universaliza&ccedil;&atilde;o da banda larga, a forma&ccedil;&atilde;o de centros p&uacute;blicos de forma&ccedil;&atilde;o e produ&ccedil;&atilde;o de conte&uacute;do e a implanta&ccedil;&atilde;o de pr&aacute;ticas para promo&ccedil;&atilde;o da diversidade e da pluralidade na comunica&ccedil;&atilde;o distrital, entre outros. <u><a href=\"http:\/\/www.comunica.df.gov.br\/noticias\/grupo-de-trabalho-divulga-documento-final-do-comunicadf.html\">(Confira aqui as propostas aprovadas)<\/a> <\/u><\/p>\n<p>Todo este esfor&ccedil;o de constru&ccedil;&atilde;o, ap&oacute;s mais de um ano e meio de articula&ccedil;&atilde;o entre a sociedade e o governo, traz otimismo para a implementa&ccedil;&atilde;o de pol&iacute;ticas de Estado que reconhe&ccedil;am a comunica&ccedil;&atilde;o como um direito de todas e todos.<\/p>\n<p>O pr&oacute;ximo passo da luta &eacute; a concretiza&ccedil;&atilde;o das propostas acordadas no #ComunicaDF. Mais do que aguardar pela a&ccedil;&atilde;o do executivo, a sociedade deve &eacute; participar ativamente dos processos de elabora&ccedil;&atilde;o, implementa&ccedil;&atilde;o e monitoramento para a plena execu&ccedil;&atilde;o destas pol&iacute;ticas. <\/p>\n<p>&Eacute; hora do Governo do DF caminhar conjutamente com os interesses sociais, assumindo uma postura de vanguarda no Estado brasileiro, priorizando a comunica&ccedil;&atilde;o social com pauta essencial pra promo&ccedil;&atilde;o da cidadania do povo. <\/p>\n<p><em>G&eacute;sio Passos &eacute; membro da Coordena&ccedil;&atilde;o Executiva do Intervozes &#8211; Coletivo Brasil de Comunica&ccedil;&atilde;o Socia<\/em><\/p>\n","protected":false},"excerpt":{"rendered":"<p>Mais do que aguardar pela a&ccedil;&atilde;o do executivo, a sociedade  deve &eacute; participar ativamente dos processos de elabora&ccedil;&atilde;o, implementa&ccedil;&atilde;o e  monitoramento para a plena execu&ccedil;&atilde;o destas pol&iacute;ticas.<\/p>\n","protected":false},"author":1,"featured_media":0,"comment_status":"open","ping_status":"open","sticky":false,"template":"","format":"standard","meta":{"footnotes":""},"categories":[42],"tags":[363],"_links":{"self":[{"href":"https:\/\/obscom.intervozes.org.br\/index.php?rest_route=\/wp\/v2\/posts\/27060"}],"collection":[{"href":"https:\/\/obscom.intervozes.org.br\/index.php?rest_route=\/wp\/v2\/posts"}],"about":[{"href":"https:\/\/obscom.intervozes.org.br\/index.php?rest_route=\/wp\/v2\/types\/post"}],"author":[{"embeddable":true,"href":"https:\/\/obscom.intervozes.org.br\/index.php?rest_route=\/wp\/v2\/users\/1"}],"replies":[{"embeddable":true,"href":"https:\/\/obscom.intervozes.org.br\/index.php?rest_route=%2Fwp%2Fv2%2Fcomments&post=27060"}],"version-history":[{"count":0,"href":"https:\/\/obscom.intervozes.org.br\/index.php?rest_route=\/wp\/v2\/posts\/27060\/revisions"}],"wp:attachment":[{"href":"https:\/\/obscom.intervozes.org.br\/index.php?rest_route=%2Fwp%2Fv2%2Fmedia&parent=27060"}],"wp:term":[{"taxonomy":"category","embeddable":true,"href":"https:\/\/obscom.intervozes.org.br\/index.php?rest_route=%2Fwp%2Fv2%2Fcategories&post=27060"},{"taxonomy":"post_tag","embeddable":true,"href":"https:\/\/obscom.intervozes.org.br\/index.php?rest_route=%2Fwp%2Fv2%2Ftags&post=27060"}],"curies":[{"name":"wp","href":"https:\/\/api.w.org\/{rel}","templated":true}]}}